{"id":61542,"date":"2020-05-19T16:02:24","date_gmt":"2020-05-19T19:02:24","guid":{"rendered":"https:\/\/www.actualidadadiario.com\/?p=61542"},"modified":"2020-05-19T16:02:24","modified_gmt":"2020-05-19T19:02:24","slug":"concordia-desgrava-por-tres-meses-de-la-tasa-comercial-al-sector-de-hoteleria-y-gastronomia","status":"publish","type":"post","link":"https:\/\/www.actualidadadiario.com\/index.php\/2020\/05\/19\/concordia-desgrava-por-tres-meses-de-la-tasa-comercial-al-sector-de-hoteleria-y-gastronomia\/","title":{"rendered":"Concordia desgrava por tres meses de la Tasa Comercial al sector de hoteler\u00eda y gastronom\u00eda"},"content":{"rendered":"<p style=\"text-align: center;\"><em><strong>El intendente Alfredo Francolini firm\u00f3 el decreto 587\/2020 que dispone una desgravaci\u00f3n del 100% en la Tasa Comercial a pagar por los anticipos 04, 05 y 06 del 2020, cuando el monto a pagar no supere el m\u00ednimo general \u00b7 La medida incluye tambi\u00e9n a gimnasios y casas de cumplea\u00f1os<\/strong><\/em><\/p>\n<p>&nbsp;<\/p>\n<p>&nbsp;<\/p>\n<p>La medida \u2013cuya aprobaci\u00f3n se encuentra ahora a consideraci\u00f3n del Concejo Deliberante\u2013 se suma a varios decretos del Ejecutivo municipal para alivianar la carga tributaria a comerciantes.<\/p>\n<p>&#8220;Venimos acompa\u00f1ando con todo lo que podamos y trabajamos en forma permanente en articulaci\u00f3n con los representantes del sector comercial y tur\u00edstico, tratando al mismo tiempo de no desfinanciar al Municipio&#8221;, expres\u00f3 el Intendente.<\/p>\n<p>Por su parte, el Asesor Econ\u00f3mico del Municipio, \u00c1lvaro Sierra, declar\u00f3 que &#8220;las medidas de alivio fiscal tomadas tanto en el orden nacional, provincial y municipal, van a generar una ca\u00edda de los ingresos del municipio en el trimestre mayor a los $200 millones&#8221;.<\/p>\n<p>Y agreg\u00f3: &#8220;Consideramos que la tendencia de la ca\u00edda de los ingresos se va a acentuar en el mes de mayo y va a superar el 50%&#8221;.<\/p>\n<p>&#8220;Son momentos muy dif\u00edciles tanto para el sector p\u00fablico como privado\u201d, advirti\u00f3 Sierra y coment\u00f3 que \u201cse est\u00e1n estudiando varias opciones como ayuda financiera a Naci\u00f3n y Provincia y financiamiento mediante emisi\u00f3n de letras. Al mismo tiempo, se sigue profundizando las medidas de contenci\u00f3n y reducci\u00f3n del gasto p\u00fablico de manera de no afectar la prestaci\u00f3n de los servicios p\u00fablicos&#8221;.<\/p>\n<p>Por \u00faltimo, el asesor se\u00f1al\u00f3 que &#8220;se trabaja en dos escenarios posibles&#8221; y que &#8220;se sigue d\u00eda a d\u00eda los resultados de la macroeconom\u00eda a nivel nacional, a los efectos de ir tomando de ir tomando las decisiones necesarias de manera inmediata&#8221;.<\/p>\n","protected":false},"excerpt":{"rendered":"<p>El intendente Alfredo Francolini firm\u00f3 el decreto 587\/2020 que dispone una desgravaci\u00f3n del 100% en la Tasa Comercial a pagar por los anticipos 04, 05 y 06 del 2020, cuando el monto a pagar no supere el m\u00ednimo general \u00b7 La medida incluye tambi\u00e9n a gimnasios y casas de cumplea\u00f1os &nbsp; &nbsp; La medida \u2013cuya aprobaci\u00f3n se encuentra ahora a consideraci\u00f3n del Concejo Deliberante\u2013 se suma a varios decretos del Ejecutivo municipal para alivianar la carga tributaria a comerciantes. &#8220;Venimos acompa\u00f1ando con todo lo que podamos y trabajamos en forma&#8230;<\/p>\n","protected":false},"author":3,"featured_media":61543,"comment_status":"closed","ping_status":"closed","sticky":false,"template":"","format":"standard","meta":[],"categories":[15],"tags":[],"_links":{"self":[{"href":"https:\/\/www.actualidadadiario.com\/index.php\/wp-json\/wp\/v2\/posts\/61542"}],"collection":[{"href":"https:\/\/www.actualidadadiario.com\/index.php\/wp-json\/wp\/v2\/posts"}],"about":[{"href":"https:\/\/www.actualidadadiario.com\/index.php\/wp-json\/wp\/v2\/types\/post"}],"author":[{"embeddable":true,"href":"https:\/\/www.actualidadadiario.com\/index.php\/wp-json\/wp\/v2\/users\/3"}],"replies":[{"embeddable":true,"href":"https:\/\/www.actualidadadiario.com\/index.php\/wp-json\/wp\/v2\/comments?post=61542"}],"version-history":[{"count":1,"href":"https:\/\/www.actualidadadiario.com\/index.php\/wp-json\/wp\/v2\/posts\/61542\/revisions"}],"predecessor-version":[{"id":61544,"href":"https:\/\/www.actualidadadiario.com\/index.php\/wp-json\/wp\/v2\/posts\/61542\/revisions\/61544"}],"wp:featuredmedia":[{"embeddable":true,"href":"https:\/\/www.actualidadadiario.com\/index.php\/wp-json\/wp\/v2\/media\/61543"}],"wp:attachment":[{"href":"https:\/\/www.actualidadadiario.com\/index.php\/wp-json\/wp\/v2\/media?parent=61542"}],"wp:term":[{"taxonomy":"category","embeddable":true,"href":"https:\/\/www.actualidadadiario.com\/index.php\/wp-json\/wp\/v2\/categories?post=61542"},{"taxonomy":"post_tag","embeddable":true,"href":"https:\/\/www.actualidadadiario.com\/index.php\/wp-json\/wp\/v2\/tags?post=61542"}],"curies":[{"name":"wp","href":"https:\/\/api.w.org\/{rel}","templated":true}]}}