{"id":61538,"date":"2020-05-19T16:00:52","date_gmt":"2020-05-19T19:00:52","guid":{"rendered":"https:\/\/www.actualidadadiario.com\/?p=61538"},"modified":"2020-05-19T16:00:52","modified_gmt":"2020-05-19T19:00:52","slug":"impulsan-la-creacion-de-la-bolsa-de-trabajo-de-entre-rios","status":"publish","type":"post","link":"https:\/\/www.actualidadadiario.com\/index.php\/2020\/05\/19\/impulsan-la-creacion-de-la-bolsa-de-trabajo-de-entre-rios\/","title":{"rendered":"Impulsan la creaci\u00f3n de la Bolsa de Trabajo de Entre R\u00edos"},"content":{"rendered":"<p style=\"text-align: center;\"><em><strong>Este lunes ingres\u00f3 a la C\u00e1mara de Diputados un proyecto de ley que dispone la creaci\u00f3n de la Bolsa de Trabajo de Entre R\u00edos, que se constituir\u00e1 como un \u201cmecanismo de acercamiento entre las ofertas y demandas de puestos de trabajo\u201d. Funcionar\u00e1 bajo la \u00f3rbita de la Secretar\u00eda de Trabajo, establece la iniciativa<\/strong><\/em><\/p>\n<p>&nbsp;<\/p>\n<p>&nbsp;<\/p>\n<p>El proyecto es impulsado por el diputado Jorge Satto (PRO) y establece la creaci\u00f3n de la Bolsa de Trabajo de Entre R\u00edos, que tendr\u00e1 \u201cla funci\u00f3n de generar un espacio en la web que permita publicar ofertas de trabajo a los comercios, empresas, instituciones p\u00fablicas y privadas y profesionales que requieran personal de la provincia; y para que las personas que buscan trabajo puedan registrar sus postulaciones\u201d.<\/p>\n<p>Funcionar\u00e1 como \u201cmecanismo de acercamiento entre las ofertas y demandas de puestos de trabajo\u201d y lo har\u00e1 en el \u00e1mbito de la Secretar\u00eda de Trabajo y Seguridad Social de Entre R\u00edos, que est\u00e1 bajo la \u00f3rbita del Ministerio de Gobierno y Justicia\u201d.<\/p>\n<p>Ser\u00e1 un programa estatal que estar\u00e1 a cargo de un equipo de profesionales designados por el Poder Ejecutivo de la Provincia que forma parte del personal estable de la Secretar\u00eda de Trabajo\u201d.<\/p>\n<p>\u201cEl programa convocar\u00e1 a las entidades comerciales y c\u00e1maras empresariales con actividad en el \u00e1mbito de la provincia, organismos y empresas p\u00fablicas, organizaciones civiles y entes profesionales al efecto que las ofertas de trabajo se publiquen en el sitio web, que tendr\u00e1 actualizaci\u00f3n diaria\u201d, se\u00f1ala Satto en la iniciativa, a la que tuvo acceso esta Agencia.<\/p>\n<p>Se crear\u00e1 una plataforma digital en sitio web o micrositio vinculado al principal de la Secretar\u00eda de Trabajo, y se ordenar\u00e1 y sistematizar\u00e1 la informaci\u00f3n de registraci\u00f3n de las empresas y organizaciones conforme a su perfil\u201d.<\/p>\n<p>A su vez, se conformar\u00e1 \u201cuna herramienta de reclutamiento de postulantes para las empresas, por medio de la cual podr\u00e1n acceder a los formularios de registraci\u00f3n y curr\u00edculum vitae de los mismos\u201d.<\/p>\n<p>Tambi\u00e9n se realizar\u00e1 \u201cel monitoreo de los perfiles de las empresas, postulantes y anuncios al solo efecto de corroborar que los datos cargados sean fehacientes y cumplan con la legislaci\u00f3n vigente, informando oportunamente sobre errores, falsedades u omisiones que pudieran afectar la calidad y\u00a0 seriedad del servicio\u201d.<\/p>\n<p>\u201cEn todos los casos debe garantizarse el cumplimiento de la Ley 25.326 de Protecci\u00f3n de los Datos Personales\u201d, se aclara.<\/p>\n<p>A trav\u00e9s del proyecto se autoriza al Poder Ejecutivo a celebrar convenios con instituciones p\u00fablicas y privadas con el objeto de aportar al servicio de intermediaci\u00f3n entre la oferta y la demanda de trabajo que se establece en esta normativa\u201d y, por otra parte, se convoca al Consejo de Pol\u00edticas Sociales y al Observatorio de Pol\u00edticas Sociales con el fin de que \u201cemitan dictamen y\/o recomendaciones no vinculantes referidas al dise\u00f1o\u201d de esta herramienta.<\/p>\n","protected":false},"excerpt":{"rendered":"<p>Este lunes ingres\u00f3 a la C\u00e1mara de Diputados un proyecto de ley que dispone la creaci\u00f3n de la Bolsa de Trabajo de Entre R\u00edos, que se constituir\u00e1 como un \u201cmecanismo de acercamiento entre las ofertas y demandas de puestos de trabajo\u201d. Funcionar\u00e1 bajo la \u00f3rbita de la Secretar\u00eda de Trabajo, establece la iniciativa &nbsp; &nbsp; El proyecto es impulsado por el diputado Jorge Satto (PRO) y establece la creaci\u00f3n de la Bolsa de Trabajo de Entre R\u00edos, que tendr\u00e1 \u201cla funci\u00f3n de generar un espacio en la web que permita&#8230;<\/p>\n","protected":false},"author":3,"featured_media":18097,"comment_status":"closed","ping_status":"closed","sticky":false,"template":"","format":"standard","meta":[],"categories":[15],"tags":[],"_links":{"self":[{"href":"https:\/\/www.actualidadadiario.com\/index.php\/wp-json\/wp\/v2\/posts\/61538"}],"collection":[{"href":"https:\/\/www.actualidadadiario.com\/index.php\/wp-json\/wp\/v2\/posts"}],"about":[{"href":"https:\/\/www.actualidadadiario.com\/index.php\/wp-json\/wp\/v2\/types\/post"}],"author":[{"embeddable":true,"href":"https:\/\/www.actualidadadiario.com\/index.php\/wp-json\/wp\/v2\/users\/3"}],"replies":[{"embeddable":true,"href":"https:\/\/www.actualidadadiario.com\/index.php\/wp-json\/wp\/v2\/comments?post=61538"}],"version-history":[{"count":1,"href":"https:\/\/www.actualidadadiario.com\/index.php\/wp-json\/wp\/v2\/posts\/61538\/revisions"}],"predecessor-version":[{"id":61539,"href":"https:\/\/www.actualidadadiario.com\/index.php\/wp-json\/wp\/v2\/posts\/61538\/revisions\/61539"}],"wp:featuredmedia":[{"embeddable":true,"href":"https:\/\/www.actualidadadiario.com\/index.php\/wp-json\/wp\/v2\/media\/18097"}],"wp:attachment":[{"href":"https:\/\/www.actualidadadiario.com\/index.php\/wp-json\/wp\/v2\/media?parent=61538"}],"wp:term":[{"taxonomy":"category","embeddable":true,"href":"https:\/\/www.actualidadadiario.com\/index.php\/wp-json\/wp\/v2\/categories?post=61538"},{"taxonomy":"post_tag","embeddable":true,"href":"https:\/\/www.actualidadadiario.com\/index.php\/wp-json\/wp\/v2\/tags?post=61538"}],"curies":[{"name":"wp","href":"https:\/\/api.w.org\/{rel}","templated":true}]}}