{"id":61532,"date":"2020-05-19T15:58:59","date_gmt":"2020-05-19T18:58:59","guid":{"rendered":"https:\/\/www.actualidadadiario.com\/?p=61532"},"modified":"2020-05-19T15:58:59","modified_gmt":"2020-05-19T18:58:59","slug":"la-vuelta-a-clases-va-a-ser-de-manera-hibrida-anuncio-muller","status":"publish","type":"post","link":"https:\/\/www.actualidadadiario.com\/index.php\/2020\/05\/19\/la-vuelta-a-clases-va-a-ser-de-manera-hibrida-anuncio-muller\/","title":{"rendered":"&#8220;La vuelta a clases va a ser de manera h\u00edbrida&#8221;, anunci\u00f3 M\u00fcller"},"content":{"rendered":"<p style=\"text-align: center;\"><em><strong>&#8220;Creemos en la posibilidad que se incorpore la educaci\u00f3n a distancia como un espacio propio de la escuela. Esto va a permitir cumplir con algunos objetivos educativos, que tienen que ver con innovar&#8221;, dijo el Presidente del CGE<\/strong><\/em><\/p>\n<p>&nbsp;<\/p>\n<p>En el informe sobre el estado de situaci\u00f3n provincial en relaci\u00f3n al Coronavirus. Estuvieron presentes el gobernador Gustavo Bordet; el presidente del Consejo General de Educaci\u00f3n, Mart\u00edn M\u00fcller; y la secretaria de Salud, Carina Reh.<\/p>\n<p>Teniendo en cuenta el esquema dual de educaci\u00f3n que explic\u00f3 el ministro de Educaci\u00f3n Nicol\u00e1s Trotta sobre la vuelta a clases, M\u00fcller indic\u00f3 que &#8220;desde la provincia compartimos esta mirada, y la estamos evaluando de manera conjunta. La vuelta gradual de las clases va a ser de manera h\u00edbrida.<\/p>\n<p>&#8220;Creemos en la posibilidad que se incorpore la educaci\u00f3n a distancia, como un espacio propio de la escuela. Esto va a permitir cumplir con algunos objetivos educativos, que tienen que ver con innovar el modelo de escuela que tenemos hoy&#8221;, explic\u00f3.<\/p>\n<p>&#8220;En una reuni\u00f3n con el Consejo Federal de Educaci\u00f3n, a los fines de tomar definiciones y evaluar como se viene trabajando, se aprob\u00f3 una resoluci\u00f3n que establece, en todo el pa\u00eds, como entender la evoluci\u00f3n y de qu\u00e9 manera apropiarnos de lo que se ha podido hacer en todo este tiempo&#8221;, coment\u00f3 Mart\u00edn M\u00fcller.<\/p>\n<p>Adem\u00e1s, &#8220;se defini\u00f3 suspender por este a\u00f1o las pruebas Aprender, que es la que eval\u00faa los desarrollos y la calidad educativa en todo el pa\u00eds. Ser\u00e1 reemplazada por una evaluaci\u00f3n, que se va realizar en las pr\u00f3ximas semanas para tener una informaci\u00f3n concreta de como se ha desarrollado en nuestro pa\u00eds la continuidad pedag\u00f3gica&#8221;, indic\u00f3 el presidente del CGE.<\/p>\n<p>En relaci\u00f3n a los contenidos que se desarrollan en el hogar se\u00f1al\u00f3 que &#8220;se viene desarrollando muy bien la entrega de los cuadernillos Seguimos Educando, ya van tres ediciones. Para la cuarta y quinta edici\u00f3n est\u00e1n pensado contenidos federales, como los que ya est\u00e1n desarrollados en el portal Aprender&#8221;, esto es con el fin de que se contemplen la realidad de los estudiantes en el interior del pa\u00eds.<\/p>\n<p>A su vez, el funcionario declar\u00f3 que &#8220;el tiempo que podamos haber perdido en ense\u00f1ar aprendizajes, ser\u00e1 recuperado cuando se vuelva a la escuela, tenemos un plan sobre de qu\u00e9 manera priorizar los saberes necesarios para cuando se vuelva a las aulas&#8221;.<\/p>\n","protected":false},"excerpt":{"rendered":"<p>&#8220;Creemos en la posibilidad que se incorpore la educaci\u00f3n a distancia como un espacio propio de la escuela. Esto va a permitir cumplir con algunos objetivos educativos, que tienen que ver con innovar&#8221;, dijo el Presidente del CGE &nbsp; En el informe sobre el estado de situaci\u00f3n provincial en relaci\u00f3n al Coronavirus. Estuvieron presentes el gobernador Gustavo Bordet; el presidente del Consejo General de Educaci\u00f3n, Mart\u00edn M\u00fcller; y la secretaria de Salud, Carina Reh. Teniendo en cuenta el esquema dual de educaci\u00f3n que explic\u00f3 el ministro de Educaci\u00f3n Nicol\u00e1s Trotta&#8230;<\/p>\n","protected":false},"author":3,"featured_media":61533,"comment_status":"closed","ping_status":"closed","sticky":false,"template":"","format":"standard","meta":[],"categories":[9],"tags":[],"_links":{"self":[{"href":"https:\/\/www.actualidadadiario.com\/index.php\/wp-json\/wp\/v2\/posts\/61532"}],"collection":[{"href":"https:\/\/www.actualidadadiario.com\/index.php\/wp-json\/wp\/v2\/posts"}],"about":[{"href":"https:\/\/www.actualidadadiario.com\/index.php\/wp-json\/wp\/v2\/types\/post"}],"author":[{"embeddable":true,"href":"https:\/\/www.actualidadadiario.com\/index.php\/wp-json\/wp\/v2\/users\/3"}],"replies":[{"embeddable":true,"href":"https:\/\/www.actualidadadiario.com\/index.php\/wp-json\/wp\/v2\/comments?post=61532"}],"version-history":[{"count":1,"href":"https:\/\/www.actualidadadiario.com\/index.php\/wp-json\/wp\/v2\/posts\/61532\/revisions"}],"predecessor-version":[{"id":61534,"href":"https:\/\/www.actualidadadiario.com\/index.php\/wp-json\/wp\/v2\/posts\/61532\/revisions\/61534"}],"wp:featuredmedia":[{"embeddable":true,"href":"https:\/\/www.actualidadadiario.com\/index.php\/wp-json\/wp\/v2\/media\/61533"}],"wp:attachment":[{"href":"https:\/\/www.actualidadadiario.com\/index.php\/wp-json\/wp\/v2\/media?parent=61532"}],"wp:term":[{"taxonomy":"category","embeddable":true,"href":"https:\/\/www.actualidadadiario.com\/index.php\/wp-json\/wp\/v2\/categories?post=61532"},{"taxonomy":"post_tag","embeddable":true,"href":"https:\/\/www.actualidadadiario.com\/index.php\/wp-json\/wp\/v2\/tags?post=61532"}],"curies":[{"name":"wp","href":"https:\/\/api.w.org\/{rel}","templated":true}]}}