{"id":61526,"date":"2020-05-18T14:38:06","date_gmt":"2020-05-18T17:38:06","guid":{"rendered":"https:\/\/www.actualidadadiario.com\/?p=61526"},"modified":"2020-05-18T14:38:06","modified_gmt":"2020-05-18T17:38:06","slug":"piden-a-las-embarazadas-no-abandonar-los-controles-por-la-pandemia","status":"publish","type":"post","link":"https:\/\/www.actualidadadiario.com\/index.php\/2020\/05\/18\/piden-a-las-embarazadas-no-abandonar-los-controles-por-la-pandemia\/","title":{"rendered":"Piden a las embarazadas no abandonar los controles por la pandemia"},"content":{"rendered":"<p style=\"text-align: center;\"><em><strong>Existen algunas modificaciones en los protocolos de actuaci\u00f3n: la embarazada llega al centro asistencial donde se le toma la temperatura y se le realizan preguntas para su evaluaci\u00f3n y puede tener un acompa\u00f1ante durante la internaci\u00f3n pero no puede recibir visitas<\/strong><\/em><\/p>\n<p>&nbsp;<\/p>\n<p>&nbsp;<\/p>\n<p>La coordinadora del \u00e1rea de Obstetricia y Ginecolog\u00eda de la Direcci\u00f3n de Control Perinatal y Ni\u00f1ez, Mar\u00eda Julia Cuetos, afirm\u00f3 hoy que no existen evidencias que indiquen que el coronavirus afecte de manera particular a personas gestantes y remarc\u00f3 la necesidad de que las embarazadas no suspendan sus controles m\u00e9dicos con la excusa de la pandemia.<\/p>\n<p>Mientras dure el aislamiento social obligatorio, aclar\u00f3, deben continuar con los controles prenatales, siempre portando tapaboca y manteniendo la distancia social durante la salida del hogar.<\/p>\n<p>&#8220;Por favor, realiz\u00e1 tu consulta, realiz\u00e1 tus controles. La pandemia no es una amenaza y tus controles deben seguir aunque tengas que tener esas consideraciones. Desde la direcci\u00f3n hemos compartido recomendaciones con los profesionales de todo el pa\u00eds para que tu atenci\u00f3n no se vea afectada&#8221;, explic\u00f3 la Cuetos.<\/p>\n<p>Al participar del reporte diario que emite el Ministerio de Salud, la funcionaria record\u00f3 adem\u00e1s que desde 2004 se celebra la semana del &#8220;parto respetado&#8221; para &#8220;fortalecer&#8221; el &#8220;cambio de paradigma&#8221; que supone poner en el centro de la atenci\u00f3n a las madres y a los reci\u00e9n nacidos.<\/p>\n<p>Adem\u00e1s de las distintas actividades que se realizan &#8220;para recordar los derechos&#8221; de estos grupos, tambi\u00e9n se insiste en el respeto de la ley nacional de Parto Respetado que es de &#8220;aplicaci\u00f3n obligatoria en el \u00e1mbito de la salud en todos los actores p\u00fablicos y privados&#8221;.<\/p>\n<p>Esa norma asegura, entre otros derechos, que la madre pueda &#8220;elegir a la persona que estar\u00e1 a su lado durante el parto, que la llamen por su nombre, que respeten su privacidad y que la informen para que pueda elegir libremente&#8221; sobre los procedimientos m\u00e9dicos.<\/p>\n<p>Respecto de la pandemia, existen algunas modificaciones en los protocolos de actuaci\u00f3n: la embarazada llega al centro asistencial donde se le toma la temperatura y se le realizan preguntas para su evaluaci\u00f3n y puede tener un acompa\u00f1ante durante la internaci\u00f3n pero no puede recibir visitas.<\/p>\n","protected":false},"excerpt":{"rendered":"<p>Existen algunas modificaciones en los protocolos de actuaci\u00f3n: la embarazada llega al centro asistencial donde se le toma la temperatura y se le realizan preguntas para su evaluaci\u00f3n y puede tener un acompa\u00f1ante durante la internaci\u00f3n pero no puede recibir visitas &nbsp; &nbsp; La coordinadora del \u00e1rea de Obstetricia y Ginecolog\u00eda de la Direcci\u00f3n de Control Perinatal y Ni\u00f1ez, Mar\u00eda Julia Cuetos, afirm\u00f3 hoy que no existen evidencias que indiquen que el coronavirus afecte de manera particular a personas gestantes y remarc\u00f3 la necesidad de que las embarazadas no suspendan&#8230;<\/p>\n","protected":false},"author":3,"featured_media":61527,"comment_status":"closed","ping_status":"closed","sticky":false,"template":"","format":"standard","meta":[],"categories":[4],"tags":[],"_links":{"self":[{"href":"https:\/\/www.actualidadadiario.com\/index.php\/wp-json\/wp\/v2\/posts\/61526"}],"collection":[{"href":"https:\/\/www.actualidadadiario.com\/index.php\/wp-json\/wp\/v2\/posts"}],"about":[{"href":"https:\/\/www.actualidadadiario.com\/index.php\/wp-json\/wp\/v2\/types\/post"}],"author":[{"embeddable":true,"href":"https:\/\/www.actualidadadiario.com\/index.php\/wp-json\/wp\/v2\/users\/3"}],"replies":[{"embeddable":true,"href":"https:\/\/www.actualidadadiario.com\/index.php\/wp-json\/wp\/v2\/comments?post=61526"}],"version-history":[{"count":1,"href":"https:\/\/www.actualidadadiario.com\/index.php\/wp-json\/wp\/v2\/posts\/61526\/revisions"}],"predecessor-version":[{"id":61528,"href":"https:\/\/www.actualidadadiario.com\/index.php\/wp-json\/wp\/v2\/posts\/61526\/revisions\/61528"}],"wp:featuredmedia":[{"embeddable":true,"href":"https:\/\/www.actualidadadiario.com\/index.php\/wp-json\/wp\/v2\/media\/61527"}],"wp:attachment":[{"href":"https:\/\/www.actualidadadiario.com\/index.php\/wp-json\/wp\/v2\/media?parent=61526"}],"wp:term":[{"taxonomy":"category","embeddable":true,"href":"https:\/\/www.actualidadadiario.com\/index.php\/wp-json\/wp\/v2\/categories?post=61526"},{"taxonomy":"post_tag","embeddable":true,"href":"https:\/\/www.actualidadadiario.com\/index.php\/wp-json\/wp\/v2\/tags?post=61526"}],"curies":[{"name":"wp","href":"https:\/\/api.w.org\/{rel}","templated":true}]}}