{"id":61523,"date":"2020-05-18T14:37:06","date_gmt":"2020-05-18T17:37:06","guid":{"rendered":"https:\/\/www.actualidadadiario.com\/?p=61523"},"modified":"2020-05-18T14:37:06","modified_gmt":"2020-05-18T17:37:06","slug":"macron-y-merkel-definen-su-plan-para-rescatar-a-la-ue-de-la-recesion","status":"publish","type":"post","link":"https:\/\/www.actualidadadiario.com\/index.php\/2020\/05\/18\/macron-y-merkel-definen-su-plan-para-rescatar-a-la-ue-de-la-recesion\/","title":{"rendered":"Macron y Merkel definen su plan para rescatar a la UE de la recesi\u00f3n"},"content":{"rendered":"<p style=\"text-align: center;\"><em><strong>Francia y Alemania presentar\u00e1n una iniciativa conjunta de reactivaci\u00f3n econ\u00f3mica de la zona euro, que destrabe las negociaciones por la estrategia pos coronavirus<\/strong><\/em><\/p>\n<p>&nbsp;<\/p>\n<p>&nbsp;<\/p>\n<p>El presidente de Francia, Emmanuel Macron, y la canciller de Alemania, Angela Merkel, presentar\u00e1n este lunes una iniciativa conjunta para reactivar la econom\u00eda de la Uni\u00f3n Europea (UE), duramente golpeada por la pandemia del coronavirus.<\/p>\n<p>Los dos dirigentes &#8220;definir\u00e1n una iniciativa franco-alemana para responder a la crisis del coronavirus a nivel europeo, en los \u00e1mbitos de la salud, la recuperaci\u00f3n econ\u00f3mica, la transici\u00f3n medioambiental y digital, y la soberan\u00eda industrial&#8221;, indic\u00f3 la presidencia de Francia en un comunicado.<\/p>\n<p>Macron y Merkel mantendr\u00e1n una videoconferencia y luego dar\u00e1n una conferencia de prensa conjunta explicando los lineamientos que podr\u00edan destrabar m\u00e1s de un mes de negociaciones y desacuerdos en el seno de la UE sobre c\u00f3mo enfrentar la recesi\u00f3n provocada por la pandemia del Covid-19.<\/p>\n<p>Europa comienza a salir poco a poco del confinamiento impuesto para frenar la propagaci\u00f3n de la enfermedad y la urgencia ahora se traslada a la reactivaci\u00f3n econ\u00f3mica tras meses de par\u00e1lisis.<\/p>\n<p>&#8220;Ning\u00fan pa\u00eds saldr\u00e1 de esto s\u00f3lo&#8221;, apunt\u00f3 Francia, que destaca la necesidad de alcanzar una &#8220;convergencia franco-alemana&#8221; antes de buscar un acuerdo entre los 27 pa\u00edses del bloque.<\/p>\n<p>Durante una conversaci\u00f3n telef\u00f3nica el 8 de mayo, en ocasi\u00f3n del 75\u00ba aniversario del fin de la Segunda Guerra Mundial en Europa, Macron y Merkel ya hab\u00edan hecho hincapi\u00e9 en la necesidad &#8220;m\u00e1s imperativa que nunca&#8221; del compromiso europeo.<\/p>\n<p>La Comisi\u00f3n Europea (CE, \u00f3rgano ejecutivo de la UE) prev\u00e9 presentar el 27 de mayo su propuesta para sacar la econom\u00eda europea de la profunda recesi\u00f3n prevista en 2020 por la crisis del coronavirus que incluye un plan para movilizar un bill\u00f3n de euros.<\/p>\n<p>La Euroc\u00e1mara estima que este fondo debe alcanzar los dos billones de euros para sacar a la econom\u00eda de la temida recesi\u00f3n que se avecina en la zona euro.<\/p>\n<p>Seg\u00fan los pron\u00f3sticos de la Comisi\u00f3n, que prev\u00e9 una &#8220;recesi\u00f3n de proporciones hist\u00f3ricas&#8221; en la zona euro, el PBI de las 19 econom\u00edas del euro en su conjunto se contraer\u00e1 un 7,7% este a\u00f1o.<\/p>\n<p>Se espera que una cumbre europea sea convocada pronto para negociar la capacidad de cr\u00e9dito, el uso de fondos y los modos de reembolso, se\u00f1al\u00f3 la Comisi\u00f3n. &#8220;Dado lo que est\u00e1 en juego, un encuentro f\u00edsico ser\u00e1 necesario&#8221;, agreg\u00f3.<\/p>\n<p>Uno de los temas que divide a los pa\u00edses de la UE es determinar la manera de otorgar esos montos.<\/p>\n<p>Los pa\u00edses del sur, como Italia, Espa\u00f1a o Francia, defienden la opci\u00f3n de dar estas ayudas en forma de subsidios para evitar aumentar la deuda p\u00fablica, mientras que los pa\u00edses del norte, como Suecia o Dinamarca, abogan por pr\u00e9stamos con reembolso.<\/p>\n","protected":false},"excerpt":{"rendered":"<p>Francia y Alemania presentar\u00e1n una iniciativa conjunta de reactivaci\u00f3n econ\u00f3mica de la zona euro, que destrabe las negociaciones por la estrategia pos coronavirus &nbsp; &nbsp; El presidente de Francia, Emmanuel Macron, y la canciller de Alemania, Angela Merkel, presentar\u00e1n este lunes una iniciativa conjunta para reactivar la econom\u00eda de la Uni\u00f3n Europea (UE), duramente golpeada por la pandemia del coronavirus. Los dos dirigentes &#8220;definir\u00e1n una iniciativa franco-alemana para responder a la crisis del coronavirus a nivel europeo, en los \u00e1mbitos de la salud, la recuperaci\u00f3n econ\u00f3mica, la transici\u00f3n medioambiental y&#8230;<\/p>\n","protected":false},"author":3,"featured_media":61524,"comment_status":"closed","ping_status":"closed","sticky":false,"template":"","format":"standard","meta":[],"categories":[4],"tags":[],"_links":{"self":[{"href":"https:\/\/www.actualidadadiario.com\/index.php\/wp-json\/wp\/v2\/posts\/61523"}],"collection":[{"href":"https:\/\/www.actualidadadiario.com\/index.php\/wp-json\/wp\/v2\/posts"}],"about":[{"href":"https:\/\/www.actualidadadiario.com\/index.php\/wp-json\/wp\/v2\/types\/post"}],"author":[{"embeddable":true,"href":"https:\/\/www.actualidadadiario.com\/index.php\/wp-json\/wp\/v2\/users\/3"}],"replies":[{"embeddable":true,"href":"https:\/\/www.actualidadadiario.com\/index.php\/wp-json\/wp\/v2\/comments?post=61523"}],"version-history":[{"count":1,"href":"https:\/\/www.actualidadadiario.com\/index.php\/wp-json\/wp\/v2\/posts\/61523\/revisions"}],"predecessor-version":[{"id":61525,"href":"https:\/\/www.actualidadadiario.com\/index.php\/wp-json\/wp\/v2\/posts\/61523\/revisions\/61525"}],"wp:featuredmedia":[{"embeddable":true,"href":"https:\/\/www.actualidadadiario.com\/index.php\/wp-json\/wp\/v2\/media\/61524"}],"wp:attachment":[{"href":"https:\/\/www.actualidadadiario.com\/index.php\/wp-json\/wp\/v2\/media?parent=61523"}],"wp:term":[{"taxonomy":"category","embeddable":true,"href":"https:\/\/www.actualidadadiario.com\/index.php\/wp-json\/wp\/v2\/categories?post=61523"},{"taxonomy":"post_tag","embeddable":true,"href":"https:\/\/www.actualidadadiario.com\/index.php\/wp-json\/wp\/v2\/tags?post=61523"}],"curies":[{"name":"wp","href":"https:\/\/api.w.org\/{rel}","templated":true}]}}