{"id":61517,"date":"2020-05-18T14:34:25","date_gmt":"2020-05-18T17:34:25","guid":{"rendered":"https:\/\/www.actualidadadiario.com\/?p=61517"},"modified":"2020-05-18T14:34:25","modified_gmt":"2020-05-18T17:34:25","slug":"cierran-en-francia-70-escuelas-por-deteccion-de-casos","status":"publish","type":"post","link":"https:\/\/www.actualidadadiario.com\/index.php\/2020\/05\/18\/cierran-en-francia-70-escuelas-por-deteccion-de-casos\/","title":{"rendered":"Cierran en Francia 70 escuelas por detecci\u00f3n de casos"},"content":{"rendered":"<p style=\"text-align: center;\"><em><strong>Francia super\u00f3 los 28.100 muertos con la Covid-19 y contin\u00faa habiendo m\u00e1s de 19.300 personas hospitalizadas, de las cuales cerca de 2.100 est\u00e1n en las unidades de cuidados intensivos<\/strong><\/em><\/p>\n<p>&nbsp;<\/p>\n<p>&nbsp;<\/p>\n<p>Francia cerr\u00f3 70 escuelas primarias en las que se detectaron casos de coronavirus, de las m\u00e1s de 40.000 reabiertas en la primera semana de flexibilizaci\u00f3n de las medidas por la pandemia, inform\u00f3 hoy el ministro de Educaci\u00f3n, Jean-Michel Blanquer, quien insisti\u00f3 en que &#8220;es un porcentaje muy bajo&#8221;.<\/p>\n<p>Los cierres se han decidido porque &#8220;hay un protocolo sanitario estricto&#8221; y esa posibilidad ya estaba contemplada, dijo a la prensa durante una visita a uno de los colegios de secundaria que vuelven a recibir alumnos desde este lunes en el departamento de Eure (norte).<\/p>\n<p>En la ciudad de Sens, en el centro de Francia, se cerraron 25 escuelas porque hubo &#8220;un caso de Covid-19&#8221; en un adulto de cada instituci\u00f3n.<\/p>\n<p>El ministro dijo que a veces se les reprocha ser demasiado prudentes y en otras no serlo suficientemente: &#8220;Estamos muy atentos a que haya el menor riesgo posible&#8221;, agreg\u00f3 el ministro, citado por EFE.<\/p>\n<p>Este lunes volvieron a los colegios 185.000 estudiantes de dos niveles de secundaria en los departamentos que se encuentran en verde, color que marca una situaci\u00f3n epid\u00e9mica menos comprometida.<\/p>\n<p>Blanquer dijo esperar que las condiciones sanitarias permitir\u00e1n &#8220;ir m\u00e1s lejos&#8221; y dar tambi\u00e9n clase antes del verano a estudiantes de esos mismos niveles en los departamentos en rojo, que cubren cuatro regiones del norte y del noreste, incluida la de Par\u00eds.<\/p>\n<p>Esta posibilidad se determinar\u00e1 a finales de mes, en funci\u00f3n de las condiciones sanitarias en ese momento. Tambi\u00e9n entonces se tomar\u00e1 una decisi\u00f3n sobre el eventual retorno de los estudiantes de los liceos.<\/p>\n<p>Los alumnos de secundaria, a diferencia de los de primaria, tienen que llevar mascarilla en clase y solo se la pueden quitar para comer.<\/p>\n<p>En primaria, \u00fanicamente un 30% de los alumnos han vuelto a tener clases presenciales, mientras que el 70% contin\u00faan siguiendo los cursos a distancia, como durante el periodo de confinamiento, que en Francia se est\u00e1 levantando progresivamente desde el 11 de mayo.<\/p>\n<p>Francia super\u00f3 los 28.100 muertos con la Covid-19 y contin\u00faa habiendo m\u00e1s de 19.300 personas hospitalizadas, de las cuales cerca de 2.100 est\u00e1n en las unidades de cuidados intensivos.<\/p>\n","protected":false},"excerpt":{"rendered":"<p>Francia super\u00f3 los 28.100 muertos con la Covid-19 y contin\u00faa habiendo m\u00e1s de 19.300 personas hospitalizadas, de las cuales cerca de 2.100 est\u00e1n en las unidades de cuidados intensivos &nbsp; &nbsp; Francia cerr\u00f3 70 escuelas primarias en las que se detectaron casos de coronavirus, de las m\u00e1s de 40.000 reabiertas en la primera semana de flexibilizaci\u00f3n de las medidas por la pandemia, inform\u00f3 hoy el ministro de Educaci\u00f3n, Jean-Michel Blanquer, quien insisti\u00f3 en que &#8220;es un porcentaje muy bajo&#8221;. Los cierres se han decidido porque &#8220;hay un protocolo sanitario estricto&#8221;&#8230;<\/p>\n","protected":false},"author":3,"featured_media":61518,"comment_status":"closed","ping_status":"closed","sticky":false,"template":"","format":"standard","meta":[],"categories":[4],"tags":[],"_links":{"self":[{"href":"https:\/\/www.actualidadadiario.com\/index.php\/wp-json\/wp\/v2\/posts\/61517"}],"collection":[{"href":"https:\/\/www.actualidadadiario.com\/index.php\/wp-json\/wp\/v2\/posts"}],"about":[{"href":"https:\/\/www.actualidadadiario.com\/index.php\/wp-json\/wp\/v2\/types\/post"}],"author":[{"embeddable":true,"href":"https:\/\/www.actualidadadiario.com\/index.php\/wp-json\/wp\/v2\/users\/3"}],"replies":[{"embeddable":true,"href":"https:\/\/www.actualidadadiario.com\/index.php\/wp-json\/wp\/v2\/comments?post=61517"}],"version-history":[{"count":1,"href":"https:\/\/www.actualidadadiario.com\/index.php\/wp-json\/wp\/v2\/posts\/61517\/revisions"}],"predecessor-version":[{"id":61519,"href":"https:\/\/www.actualidadadiario.com\/index.php\/wp-json\/wp\/v2\/posts\/61517\/revisions\/61519"}],"wp:featuredmedia":[{"embeddable":true,"href":"https:\/\/www.actualidadadiario.com\/index.php\/wp-json\/wp\/v2\/media\/61518"}],"wp:attachment":[{"href":"https:\/\/www.actualidadadiario.com\/index.php\/wp-json\/wp\/v2\/media?parent=61517"}],"wp:term":[{"taxonomy":"category","embeddable":true,"href":"https:\/\/www.actualidadadiario.com\/index.php\/wp-json\/wp\/v2\/categories?post=61517"},{"taxonomy":"post_tag","embeddable":true,"href":"https:\/\/www.actualidadadiario.com\/index.php\/wp-json\/wp\/v2\/tags?post=61517"}],"curies":[{"name":"wp","href":"https:\/\/api.w.org\/{rel}","templated":true}]}}