{"id":61514,"date":"2020-05-18T14:33:25","date_gmt":"2020-05-18T17:33:25","guid":{"rendered":"https:\/\/www.actualidadadiario.com\/?p=61514"},"modified":"2020-05-18T14:33:25","modified_gmt":"2020-05-18T17:33:25","slug":"bolsonaro-asistio-a-una-manifestacion-pese-al-drama-que-vive-brasil","status":"publish","type":"post","link":"https:\/\/www.actualidadadiario.com\/index.php\/2020\/05\/18\/bolsonaro-asistio-a-una-manifestacion-pese-al-drama-que-vive-brasil\/","title":{"rendered":"Bolsonaro asisti\u00f3 a una manifestaci\u00f3n pese al drama que vive Brasil"},"content":{"rendered":"<p style=\"text-align: center;\"><em><strong>En su discurso, el presidente volvi\u00f3 a distanciarse de los gobiernos regionales y municipios que proponen continuar con las medidas de confinamiento. A diferencia de actos anteriores, evit\u00f3 referirse al Poder Judicial<\/strong><\/em><\/p>\n<p>&nbsp;<\/p>\n<p>&nbsp;<\/p>\n<p>En medio de la pandemia de coronavirus y desafiando nuevamente el aislamiento social, el presidente de Brasil, Jair Bolsonaro, acudi\u00f3 a una masiva manifestaci\u00f3n a favor de su gesti\u00f3n acompa\u00f1ado por once ministros. Desde el Palacio de Panalto, el mandatario destac\u00f3 la gran presencia de seguidores en el acto pese a las medidas de los gobiernos regionales para evitar las aglomeraciones. Bolsonaro asegur\u00f3 que el gobierno federal &#8220;ha brindado todo el apoyo&#8221; para ayudar a los pacientes de covid-19, y volvi\u00f3 a distanciarse de los gobiernos regionales y municipios que proponen continuar con las medidas de confinamiento. A diferencia de actos anteriores, Bolsonaro baj\u00f3 algunos decibeles y evit\u00f3 hacer referencias al Poder Judicial, que lo tiene en la mira por graves acusaciones que lo incriminan.<\/p>\n<p>Aunque evit\u00f3 el contacto f\u00edsico y us\u00f3 un tapabocas durante la media hora en que acompa\u00f1\u00f3 la movilizaci\u00f3n frente al Palacio de Planalto, el jefe de Estado baj\u00f3 por la rampa de la edificaci\u00f3n para acercarse lo m\u00e1ximo posible a los manifestantes y lleg\u00f3 a cargar a dos ni\u00f1os y a levantar las manos de los ministros presentes. La expansi\u00f3n del coronavirus, que lleg\u00f3 a Brasil en febrero y ya suma m\u00e1s de 230 mil contagios y 15 mil muertes, se produce en medio de otros brotes infecciosos que ya ven\u00edan preocupando a las autoridades sanitarias.<\/p>\n<p>Las declaraciones de Bolsonaro durante la manifestaci\u00f3n fueron transmitidas en vivo por las redes sociales oficiales del mandatario. Desde el Planalto, Bolsonaro volvi\u00f3 a criticar las medidas de distanciamiento social adoptadas por los gobiernos regionales y municipales para combatir el avance de la covid-19 y defendi\u00f3 la normalizaci\u00f3n de las actividades. &#8220;La poblaci\u00f3n quiere trabajar para colocar comida en la mesa&#8221;, asegur\u00f3. Para Bolsonaro, m\u00e1s preocupado por la paralizaci\u00f3n del pa\u00eds que por la salud de sus habitantes, la covid-19 &#8220;va a contagiar al 70 por ciento de la poblaci\u00f3n tarde o temprano&#8221; y &#8220;va a matar mucha gente sin importar las medidas de distanciamiento que se adopten&#8221;.<\/p>\n<p>En medio de la pandemia de coronavirus y desafiando nuevamente el aislamiento social, el presidente de Brasil, Jair Bolsonaro, acudi\u00f3 a una masiva manifestaci\u00f3n a favor de su gesti\u00f3n acompa\u00f1ado por once ministros. Desde el Palacio de Panalto, el mandatario destac\u00f3 la gran presencia de seguidores en el acto pese a las medidas de los gobiernos regionales para evitar las aglomeraciones. Bolsonaro asegur\u00f3 que el gobierno federal &#8220;ha brindado todo el apoyo&#8221; para ayudar a los pacientes de covid-19, y volvi\u00f3 a distanciarse de los gobiernos regionales y municipios que proponen continuar con las medidas de confinamiento. A diferencia de actos anteriores, Bolsonaro baj\u00f3 algunos decibeles y evit\u00f3 hacer referencias al Poder Judicial, que lo tiene en la mira por graves acusaciones que lo incriminan.<\/p>\n<p>Aunque evit\u00f3 el contacto f\u00edsico y us\u00f3 un tapabocas durante la media hora en que acompa\u00f1\u00f3 la movilizaci\u00f3n frente al Palacio de Planalto, el jefe de Estado baj\u00f3 por la rampa de la edificaci\u00f3n para acercarse lo m\u00e1ximo posible a los manifestantes y lleg\u00f3 a cargar a dos ni\u00f1os y a levantar las manos de los ministros presentes. La expansi\u00f3n del coronavirus, que lleg\u00f3 a Brasil en febrero y ya suma m\u00e1s de 230 mil contagios y 15 mil muertes, se produce en medio de otros brotes infecciosos que ya ven\u00edan preocupando a las autoridades sanitarias.<\/p>\n<p>Las declaraciones de Bolsonaro durante la manifestaci\u00f3n fueron transmitidas en vivo por las redes sociales oficiales del mandatario. Desde el Planalto, Bolsonaro volvi\u00f3 a criticar las medidas de distanciamiento social adoptadas por los gobiernos regionales y municipales para combatir el avance de la covid-19 y defendi\u00f3 la normalizaci\u00f3n de las actividades. &#8220;La poblaci\u00f3n quiere trabajar para colocar comida en la mesa&#8221;, asegur\u00f3. Para Bolsonaro, m\u00e1s preocupado por la paralizaci\u00f3n del pa\u00eds que por la salud de sus habitantes, la covid-19 &#8220;va a contagiar al 70 por ciento de la poblaci\u00f3n tarde o temprano&#8221; y &#8220;va a matar mucha gente sin importar las medidas de distanciamiento que se adopten&#8221;.<\/p>\n<p>Luego de haber sido duramente criticado por haber participado en manifestaciones similares a las de este domingo, en las que se propon\u00eda el cierre del Congreso y de la Corte Suprema, as\u00ed como otras medidas antidemocr\u00e1ticas como una directa intervenci\u00f3n militar, Bolsonaro destac\u00f3 que en la de este domingo no hab\u00eda ning\u00fan mensaje contrario a la Constituci\u00f3n. &#8220;Es una manifestaci\u00f3n pura de democracia. Estoy muy honrado con eso&#8221;, afirm\u00f3. Sin embargo, Folha de S\u00e3o Paulo\u00a0 se\u00f1al\u00f3 que antes de la llegada del presidente al acto, miembros de su equipo de seguridad pidieron a los manifestantes que fueran retirados carteles con duras cr\u00edticas al Parlamento y a la Corte.<\/p>\n<p>Bolsonaro no da tregua en su empe\u00f1o para que los gobiernos regionales levanten las restricciones y permitan la normalizaci\u00f3n de las actividades, a tal punto que esta semana orden\u00f3 la apertura de gimnasios y salones de belleza por considerarlos esenciales. Pero la gota que rebas\u00f3 el vaso fue la presi\u00f3n de Bolsonaro para que el entonces ministro de Salud Nelson Teich autorizara el uso de la cloroquina en el estadio inicial del tratamiento de pacientes de covid-19, a pesar de que las pruebas con ese medicamento no fueron concluyentes sobre sus beneficios.<\/p>\n<p>Este fue uno de los motivos que llevaron a Teich a renunciar el viernes al cargo que hab\u00eda asumido hac\u00eda s\u00f3lo 28 d\u00edas y en medio del agravamiento de la pandemia en Brasil, que, con 233.648 casos confirmados y 15.668 muertes, ya es el cuarto pa\u00eds con m\u00e1s contagiados en el mundo. El antecesor de Teich, Luiz Henrique Mandetta, un f\u00e9rreo defensor de las medidas de distanciamiento social, fue destituido el mes pasado. Los dos eran m\u00e9dicos y ahora, con la curva en plena escalada, la cartera de Salud queda de forma interina a cargo de Eduardo Pazuello, un general del Ej\u00e9rcito sin experiencia en el \u00e1rea.<\/p>\n<p>&nbsp;<\/p>\n<p><strong>Una tormenta perfecta<\/strong><\/p>\n<p>Las previsiones cient\u00edficas indican que los contagios y muertes seguir\u00e1n creciendo de forma exponencial en este pa\u00eds de 210 millones de habitantes, y que el pico se producir\u00e1 en las pr\u00f3ximas semanas. A las puertas del invierno, Brasil camina hacia una tormenta perfecta con la curva del coronavirus en alza, el inicio de la temporada de influenza, el final de la de dengue y brotes activos de otros virus que ya se cre\u00edan superados, como el sarampi\u00f3n.<\/p>\n<p>El pa\u00eds ahora est\u00e1 superando el pico de dengue, transmitida por el mosquito Aedes Aegypti, que tambi\u00e9n es portador del virus del Zika, la fiebre amarilla y el chikungu\u00f1a, que suele ser en abril y mayo. Seg\u00fan el \u00faltimo bolet\u00edn del ministerio de Salud, en lo que va de a\u00f1o se han notificado 676.928 casos probables de dengue y 265 muertos. A partir de junio, con la llegada del invierno, los casos de dengue bajan pero suben los de gripe com\u00fan y otras enfermedades respiratorias.<\/p>\n<p>A todo esto hay que agregarle tambi\u00e9n brotes de sarampi\u00f3n que contin\u00faan activos en las cinco regiones de Brasil: norte, nordeste, centro-oeste, sudeste y sur. En lo que va del a\u00f1o ya se reportaron 2.910 casos de sarampi\u00f3n, casi la mitad de ellos en el estado de Par\u00e1, tambi\u00e9n uno de los m\u00e1s afectados por el coronavirus, y tres v\u00edctimas fatales.<\/p>\n","protected":false},"excerpt":{"rendered":"<p>En su discurso, el presidente volvi\u00f3 a distanciarse de los gobiernos regionales y municipios que proponen continuar con las medidas de confinamiento. A diferencia de actos anteriores, evit\u00f3 referirse al Poder Judicial &nbsp; &nbsp; En medio de la pandemia de coronavirus y desafiando nuevamente el aislamiento social, el presidente de Brasil, Jair Bolsonaro, acudi\u00f3 a una masiva manifestaci\u00f3n a favor de su gesti\u00f3n acompa\u00f1ado por once ministros. Desde el Palacio de Panalto, el mandatario destac\u00f3 la gran presencia de seguidores en el acto pese a las medidas de los gobiernos&#8230;<\/p>\n","protected":false},"author":3,"featured_media":61515,"comment_status":"closed","ping_status":"closed","sticky":false,"template":"","format":"standard","meta":[],"categories":[4],"tags":[],"_links":{"self":[{"href":"https:\/\/www.actualidadadiario.com\/index.php\/wp-json\/wp\/v2\/posts\/61514"}],"collection":[{"href":"https:\/\/www.actualidadadiario.com\/index.php\/wp-json\/wp\/v2\/posts"}],"about":[{"href":"https:\/\/www.actualidadadiario.com\/index.php\/wp-json\/wp\/v2\/types\/post"}],"author":[{"embeddable":true,"href":"https:\/\/www.actualidadadiario.com\/index.php\/wp-json\/wp\/v2\/users\/3"}],"replies":[{"embeddable":true,"href":"https:\/\/www.actualidadadiario.com\/index.php\/wp-json\/wp\/v2\/comments?post=61514"}],"version-history":[{"count":1,"href":"https:\/\/www.actualidadadiario.com\/index.php\/wp-json\/wp\/v2\/posts\/61514\/revisions"}],"predecessor-version":[{"id":61516,"href":"https:\/\/www.actualidadadiario.com\/index.php\/wp-json\/wp\/v2\/posts\/61514\/revisions\/61516"}],"wp:featuredmedia":[{"embeddable":true,"href":"https:\/\/www.actualidadadiario.com\/index.php\/wp-json\/wp\/v2\/media\/61515"}],"wp:attachment":[{"href":"https:\/\/www.actualidadadiario.com\/index.php\/wp-json\/wp\/v2\/media?parent=61514"}],"wp:term":[{"taxonomy":"category","embeddable":true,"href":"https:\/\/www.actualidadadiario.com\/index.php\/wp-json\/wp\/v2\/categories?post=61514"},{"taxonomy":"post_tag","embeddable":true,"href":"https:\/\/www.actualidadadiario.com\/index.php\/wp-json\/wp\/v2\/tags?post=61514"}],"curies":[{"name":"wp","href":"https:\/\/api.w.org\/{rel}","templated":true}]}}