{"id":61506,"date":"2020-05-18T14:29:28","date_gmt":"2020-05-18T17:29:28","guid":{"rendered":"https:\/\/www.actualidadadiario.com\/?p=61506"},"modified":"2020-05-18T14:29:28","modified_gmt":"2020-05-18T17:29:28","slug":"constituyen-la-comision-mixta-que-analizara-la-nueva-formula-de-aumentos-a-jubilados","status":"publish","type":"post","link":"https:\/\/www.actualidadadiario.com\/index.php\/2020\/05\/18\/constituyen-la-comision-mixta-que-analizara-la-nueva-formula-de-aumentos-a-jubilados\/","title":{"rendered":"Constituyen la comisi\u00f3n mixta que analizar\u00e1 la nueva f\u00f3rmula de aumentos a jubilados"},"content":{"rendered":"<p style=\"text-align: center;\"><em><strong>Uno de los primeros temas que deber\u00e1 resolver esa comisi\u00f3n es si suspende por otros seis meses la ley de movilidad que vence en junio, o bien avanza con celeridad para aprobar una ley que establezca un nuevo c\u00e1lculo<\/strong><\/em><\/p>\n<p>&nbsp;<\/p>\n<p>&nbsp;<\/p>\n<p>El Ministerio de Trabajo convoc\u00f3 para hoy a constituir la comisi\u00f3n de funcionarios y legisladores que deber\u00e1 analizar la nueva f\u00f3rmula de aumento de los haberes de jubilados y pensionados.<\/p>\n<p>La comisi\u00f3n, que se reunir\u00e1 en forma virtual a las 16, ser\u00e1 conducida por el titular de la cartera laboral, Claudio Moroni, y estar\u00e1 integrada por funcionarios del Ministerio de Econom\u00eda y las autoridades de las comisiones de Presupuesto y Hacienda y Previsi\u00f3n Social de las dos c\u00e1maras legislativas.<\/p>\n<p>Por Diputados la integrar\u00e1n los presidentes de las comisiones de Presupuesto, Carlos Heller (Todos); de Previsi\u00f3n Social, Marcelo Casaretto, y los vicepresidentes de esos dos cuerpos, Luciano Laspina (PRO) y Alejandro Cacace (UCR).<\/p>\n<p>Tambi\u00e9n la compondr\u00e1n el titular de la comisi\u00f3n de An\u00e1lisis y Seguimiento de las Normas Tributarias y Previsionales, Luis Pastori (UCR), y la vicepresidenta Hilda Aguirre.<\/p>\n<p>Por el Senado estar\u00e1n los presidentes de las comisiones de Presupuesto, Carlos Caserio (Frente de Todos), y de Trabajo y Previsi\u00f3n, Daniel Lovera (Frente de Todos); y los vicepresidentes Esteban Bullrich (Pro) y Mar\u00eda Bel\u00e9n Tapia (UCR).<\/p>\n<p>Uno de los primeros temas que deber\u00e1 resolver esa comisi\u00f3n es si suspende por otros seis meses la ley de movilidad que vence en junio, o bien avanza con celeridad para aprobar una ley que establezca un nuevo c\u00e1lculo para actualizar jubilaciones, pensiones y asignaciones familiares.<\/p>\n<p>La Ley de Solidaridad Social y Reactivaci\u00f3n Productiva suspendi\u00f3 por 180 d\u00edas la movilidad jubilatoria que hab\u00eda impuesto el gobierno de Mauricio Macri y estableci\u00f3 la conformaci\u00f3n de una comisi\u00f3n para analizar un nuevo sistema.<\/p>\n<p>En ese contexto, el Gobierno decidi\u00f3 otorgar para el primer trimestre del a\u00f1o un aumento de 1.500 pesos y una suma variable de 2,3%.<\/p>\n<p>En el caso de las jubilaciones y pensiones m\u00ednimas, la Asignaci\u00f3n Universal por Hijo (AUH) y dem\u00e1s asignaciones familiares hubo un aumento del 13%.<\/p>\n","protected":false},"excerpt":{"rendered":"<p>Uno de los primeros temas que deber\u00e1 resolver esa comisi\u00f3n es si suspende por otros seis meses la ley de movilidad que vence en junio, o bien avanza con celeridad para aprobar una ley que establezca un nuevo c\u00e1lculo &nbsp; &nbsp; El Ministerio de Trabajo convoc\u00f3 para hoy a constituir la comisi\u00f3n de funcionarios y legisladores que deber\u00e1 analizar la nueva f\u00f3rmula de aumento de los haberes de jubilados y pensionados. La comisi\u00f3n, que se reunir\u00e1 en forma virtual a las 16, ser\u00e1 conducida por el titular de la cartera&#8230;<\/p>\n","protected":false},"author":3,"featured_media":61507,"comment_status":"closed","ping_status":"closed","sticky":false,"template":"","format":"standard","meta":[],"categories":[18],"tags":[],"_links":{"self":[{"href":"https:\/\/www.actualidadadiario.com\/index.php\/wp-json\/wp\/v2\/posts\/61506"}],"collection":[{"href":"https:\/\/www.actualidadadiario.com\/index.php\/wp-json\/wp\/v2\/posts"}],"about":[{"href":"https:\/\/www.actualidadadiario.com\/index.php\/wp-json\/wp\/v2\/types\/post"}],"author":[{"embeddable":true,"href":"https:\/\/www.actualidadadiario.com\/index.php\/wp-json\/wp\/v2\/users\/3"}],"replies":[{"embeddable":true,"href":"https:\/\/www.actualidadadiario.com\/index.php\/wp-json\/wp\/v2\/comments?post=61506"}],"version-history":[{"count":1,"href":"https:\/\/www.actualidadadiario.com\/index.php\/wp-json\/wp\/v2\/posts\/61506\/revisions"}],"predecessor-version":[{"id":61508,"href":"https:\/\/www.actualidadadiario.com\/index.php\/wp-json\/wp\/v2\/posts\/61506\/revisions\/61508"}],"wp:featuredmedia":[{"embeddable":true,"href":"https:\/\/www.actualidadadiario.com\/index.php\/wp-json\/wp\/v2\/media\/61507"}],"wp:attachment":[{"href":"https:\/\/www.actualidadadiario.com\/index.php\/wp-json\/wp\/v2\/media?parent=61506"}],"wp:term":[{"taxonomy":"category","embeddable":true,"href":"https:\/\/www.actualidadadiario.com\/index.php\/wp-json\/wp\/v2\/categories?post=61506"},{"taxonomy":"post_tag","embeddable":true,"href":"https:\/\/www.actualidadadiario.com\/index.php\/wp-json\/wp\/v2\/tags?post=61506"}],"curies":[{"name":"wp","href":"https:\/\/api.w.org\/{rel}","templated":true}]}}