{"id":61495,"date":"2020-05-18T14:25:21","date_gmt":"2020-05-18T17:25:21","guid":{"rendered":"https:\/\/www.actualidadadiario.com\/?p=61495"},"modified":"2020-05-18T14:25:21","modified_gmt":"2020-05-18T17:25:21","slug":"macri-y-otra-dosis-de-neoliberalismo-contra-el-coronavirus","status":"publish","type":"post","link":"https:\/\/www.actualidadadiario.com\/index.php\/2020\/05\/18\/macri-y-otra-dosis-de-neoliberalismo-contra-el-coronavirus\/","title":{"rendered":"Macri y otra dosis de neoliberalismo contra el coronavirus"},"content":{"rendered":"<p style=\"text-align: center;\"><em><strong>El expresidente reapareci\u00f3 p\u00fablicamente para anunciar que desde la Fundaci\u00f3n FIFA organizar\u00e1n un partido para recaudar fondos para la lucha contra la covid-19. Aprovech\u00f3 para exponer una vez m\u00e1s en qu\u00e9 lugar se planta frente a la pandemia<\/strong><\/em><\/p>\n<p>&nbsp;<\/p>\n<p>&nbsp;<\/p>\n<p>El ex presidente Mauricio Macri insisti\u00f3 con priorizar la econom\u00eda en medio de la pandemia de coronavirus al considerar que se debe &#8220;desarrollar y apoyar a una sociedad que pueda ofrecer un equilibro en cuanto a la prevenci\u00f3n de este tipo de enfermedades y la vida futura&#8221;. La f\u00e9rrea posici\u00f3n de la derecha hisponamericana\u00a0 fue reivindicada por el ahora titular de la FIFA al anunciar un partido para recaudar fondos para la lucha contra la pandemia de covid-19.<\/p>\n<p>&#8220;Nuestro objetivo es desarrollar y apoyar a una sociedad que pueda ofrecer un equilibro en cuanto a la prevenci\u00f3n de este tipo de enfermedades y la vida futura, creando un entorno en el que la sostenibilidad pueda prosperar verdaderamente&#8221;, se arrog\u00f3 Macri en un comunicado de la FIFA que anuncia el partido a beneficio.<\/p>\n<p>En la cruzada de la FIFA, Macri anticip\u00f3 que &#8220;la Fundaci\u00f3n involucrar\u00e1 no solo a la comunidad futbol\u00edstica mundial, sino tambi\u00e9n a otras partes interesadas, desde organizaciones no gubernamentales hasta otras fundaciones, pasando por el sector privado y los gobiernos&#8221;.<\/p>\n<p>Con un discurso m\u00e1s aggiornado, Macri insisti\u00f3 desde su puesto en la FIFA con la posici\u00f3n difundida hace tres semanas en una carta p\u00fablica impulsada por la Fundaci\u00f3n Internacional para la Libertad, que preside el escritor peruano Mario Vargas Llosa.<\/p>\n<p>All\u00ed, el ex presidente junto a empresarios y otras figuras de la derecha hispanoamericana sostuvieron que &#8220;algunos gobiernos han identificado una oportunidad para arrogarse un poder desmedido&#8221; durante la pandemia y, en ese tono, apuntaron contra Venezuela, Cuba, Nicargua, Argentina y Espa\u00f1a.<\/p>\n<p>&#8220;Con un marcado sesgo ideol\u00f3gico pretenden utilizar las duras circunstancias para acaparar prerrogativas pol\u00edticas y econ\u00f3micas que en otro contexto la ciudadan\u00eda rechazar\u00eda resueltamente&#8221;, dec\u00eda Macri y compa\u00f1\u00eda sobre las medidas tomadas por el gobierno argentino.<\/p>\n<p>El ex presidente junto a otros ex mandatarios de la derecha latinoamericana tambi\u00e9n hab\u00eda marcado esa posici\u00f3n en un encuentro a principios de marzo, cuando en la Argentina se registraban los primeros casos de covid-19. &#8220;Para m\u00ed, algo mucho m\u00e1s peligroso que el coronavirus es el populismo&#8221;, hab\u00eda sostenido en aquel encuentro y agreg\u00f3 que &#8220;el populismo lleva a hipotecar el futuro&#8221;.<\/p>\n<p>El domingo el exsecretario de Ciencia y Tecnolog\u00eda del macrismo Lino Bara\u00f1ao reconoci\u00f3 que si Macri hubiese accedido a un segundo mandato, atravesar la pandemia en la Argentina hubiese sido &#8220;mucho m\u00e1s dif\u00edcil&#8221;. En una entrevista a Infobae, el degrado ministro de Ciencia consider\u00f3 que Macri hubiese &#8220;cedido a las presiones de grupos econ\u00f3micos que priorizan la actividad comercial a la salud&#8221;.<\/p>\n","protected":false},"excerpt":{"rendered":"<p>El expresidente reapareci\u00f3 p\u00fablicamente para anunciar que desde la Fundaci\u00f3n FIFA organizar\u00e1n un partido para recaudar fondos para la lucha contra la covid-19. Aprovech\u00f3 para exponer una vez m\u00e1s en qu\u00e9 lugar se planta frente a la pandemia &nbsp; &nbsp; El ex presidente Mauricio Macri insisti\u00f3 con priorizar la econom\u00eda en medio de la pandemia de coronavirus al considerar que se debe &#8220;desarrollar y apoyar a una sociedad que pueda ofrecer un equilibro en cuanto a la prevenci\u00f3n de este tipo de enfermedades y la vida futura&#8221;. La f\u00e9rrea posici\u00f3n&#8230;<\/p>\n","protected":false},"author":3,"featured_media":61496,"comment_status":"closed","ping_status":"closed","sticky":false,"template":"","format":"standard","meta":[],"categories":[18],"tags":[],"_links":{"self":[{"href":"https:\/\/www.actualidadadiario.com\/index.php\/wp-json\/wp\/v2\/posts\/61495"}],"collection":[{"href":"https:\/\/www.actualidadadiario.com\/index.php\/wp-json\/wp\/v2\/posts"}],"about":[{"href":"https:\/\/www.actualidadadiario.com\/index.php\/wp-json\/wp\/v2\/types\/post"}],"author":[{"embeddable":true,"href":"https:\/\/www.actualidadadiario.com\/index.php\/wp-json\/wp\/v2\/users\/3"}],"replies":[{"embeddable":true,"href":"https:\/\/www.actualidadadiario.com\/index.php\/wp-json\/wp\/v2\/comments?post=61495"}],"version-history":[{"count":1,"href":"https:\/\/www.actualidadadiario.com\/index.php\/wp-json\/wp\/v2\/posts\/61495\/revisions"}],"predecessor-version":[{"id":61497,"href":"https:\/\/www.actualidadadiario.com\/index.php\/wp-json\/wp\/v2\/posts\/61495\/revisions\/61497"}],"wp:featuredmedia":[{"embeddable":true,"href":"https:\/\/www.actualidadadiario.com\/index.php\/wp-json\/wp\/v2\/media\/61496"}],"wp:attachment":[{"href":"https:\/\/www.actualidadadiario.com\/index.php\/wp-json\/wp\/v2\/media?parent=61495"}],"wp:term":[{"taxonomy":"category","embeddable":true,"href":"https:\/\/www.actualidadadiario.com\/index.php\/wp-json\/wp\/v2\/categories?post=61495"},{"taxonomy":"post_tag","embeddable":true,"href":"https:\/\/www.actualidadadiario.com\/index.php\/wp-json\/wp\/v2\/tags?post=61495"}],"curies":[{"name":"wp","href":"https:\/\/api.w.org\/{rel}","templated":true}]}}