{"id":61492,"date":"2020-05-18T14:24:25","date_gmt":"2020-05-18T17:24:25","guid":{"rendered":"https:\/\/www.actualidadadiario.com\/?p=61492"},"modified":"2020-05-18T14:24:25","modified_gmt":"2020-05-18T17:24:25","slug":"como-continuara-la-cuarentena-tras-el-24-de-mayo","status":"publish","type":"post","link":"https:\/\/www.actualidadadiario.com\/index.php\/2020\/05\/18\/como-continuara-la-cuarentena-tras-el-24-de-mayo\/","title":{"rendered":"C\u00f3mo continuar\u00e1 la cuarentena tras el 24 de mayo"},"content":{"rendered":"<p style=\"text-align: center;\"><em><strong>Con foco en el transporte p\u00fablico, el presidente Alberto Fern\u00e1ndez se reuni\u00f3 con parte de su Gabinete para delinear qu\u00e9 pasar\u00e1 a partir del 25 de mayo<\/strong><\/em><\/p>\n<p>&nbsp;<\/p>\n<p>&nbsp;<\/p>\n<p>La extensi\u00f3n del aislamiento obligatorio se acerca a su fin y el presidente Alberto Fern\u00e1ndez ya comienza a delinear hasta cu\u00e1ndo durar\u00e1 la cuarentena y cu\u00e1les ser\u00e1n las medidas a tomar a partir del pr\u00f3ximo 25 de mayo.<\/p>\n<p>El mandatario y parte de su Gabinete se reunieron ayer en la Residencia de Olivos para analizar temas de la microeconom\u00eda&#8221; y &#8220;c\u00f3mo sigue la cuarentena&#8221; ante la pandemia de coronavirus.<\/p>\n<p>El c\u00f3nclave, que se extendi\u00f3 por m\u00e1s de cuatro horas, tuvo foco en el uso del transporte p\u00fablico, indicaron fuentes oficiales. &#8220;Se busca tener control en los viajes interjurisdiccionales, no jurisdiccionales. Se hace de manera preventiva&#8221;, precisaron.<\/p>\n<p>En ese sentido, destacaron que el Gobierno busca &#8220;controlar la cantidad de pasajeros&#8221; que utilizan el transporte p\u00fablico, para no tener que dar marcha atr\u00e1s en las aperturas y excepciones.<\/p>\n<p>Con varias actividades ya en marcha &#8220;no se increment\u00f3 demasiado el n\u00famero de pasajeros&#8221;, ya que &#8220;muchos optaron por utilizar veh\u00edculos particulares&#8221;.<\/p>\n<p>La reuni\u00f3n se produjo a d\u00edas del plazo final para llegar a un acuerdo con los bonistas por la deuda externa. Si bien se trat\u00f3 de una &#8220;reuni\u00f3n de trabajo&#8221; y no focalizada en la renegociaci\u00f3n de la deuda, las mismas fuentes indicaron que el tema fue analizado.<\/p>\n<p>Del encuentro participaron el jefe de Gabinete, Santiago Cafiero, y los ministros Mart\u00edn Guzm\u00e1n (Econom\u00eda), Mat\u00edas Kulfas (Desarrollo Productivo) y Eduardo &#8220;Wado&#8221; De Pedro (Interior).<\/p>\n<p>El Ejecutivo deber\u00e1 analizar en los pr\u00f3ximos d\u00edas &#8220;c\u00f3mo continuar\u00e1&#8221; el aislamiento social, preventivo y obligatorio dispuesto ante la pandemia. A\u00fan no se conoce si el \u00c1rea Metropolitana de Buenos Aires (AMBA), que se encuentra en la Fase 3 de la cuarentena, podr\u00e1 avanzar hacia una fase cuatro como en el interior del pa\u00eds o si deber\u00e1 permanecer bajo medidas estrictas.<\/p>\n","protected":false},"excerpt":{"rendered":"<p>Con foco en el transporte p\u00fablico, el presidente Alberto Fern\u00e1ndez se reuni\u00f3 con parte de su Gabinete para delinear qu\u00e9 pasar\u00e1 a partir del 25 de mayo &nbsp; &nbsp; La extensi\u00f3n del aislamiento obligatorio se acerca a su fin y el presidente Alberto Fern\u00e1ndez ya comienza a delinear hasta cu\u00e1ndo durar\u00e1 la cuarentena y cu\u00e1les ser\u00e1n las medidas a tomar a partir del pr\u00f3ximo 25 de mayo. El mandatario y parte de su Gabinete se reunieron ayer en la Residencia de Olivos para analizar temas de la microeconom\u00eda&#8221; y &#8220;c\u00f3mo&#8230;<\/p>\n","protected":false},"author":3,"featured_media":61493,"comment_status":"closed","ping_status":"closed","sticky":false,"template":"","format":"standard","meta":[],"categories":[9],"tags":[],"_links":{"self":[{"href":"https:\/\/www.actualidadadiario.com\/index.php\/wp-json\/wp\/v2\/posts\/61492"}],"collection":[{"href":"https:\/\/www.actualidadadiario.com\/index.php\/wp-json\/wp\/v2\/posts"}],"about":[{"href":"https:\/\/www.actualidadadiario.com\/index.php\/wp-json\/wp\/v2\/types\/post"}],"author":[{"embeddable":true,"href":"https:\/\/www.actualidadadiario.com\/index.php\/wp-json\/wp\/v2\/users\/3"}],"replies":[{"embeddable":true,"href":"https:\/\/www.actualidadadiario.com\/index.php\/wp-json\/wp\/v2\/comments?post=61492"}],"version-history":[{"count":1,"href":"https:\/\/www.actualidadadiario.com\/index.php\/wp-json\/wp\/v2\/posts\/61492\/revisions"}],"predecessor-version":[{"id":61494,"href":"https:\/\/www.actualidadadiario.com\/index.php\/wp-json\/wp\/v2\/posts\/61492\/revisions\/61494"}],"wp:featuredmedia":[{"embeddable":true,"href":"https:\/\/www.actualidadadiario.com\/index.php\/wp-json\/wp\/v2\/media\/61493"}],"wp:attachment":[{"href":"https:\/\/www.actualidadadiario.com\/index.php\/wp-json\/wp\/v2\/media?parent=61492"}],"wp:term":[{"taxonomy":"category","embeddable":true,"href":"https:\/\/www.actualidadadiario.com\/index.php\/wp-json\/wp\/v2\/categories?post=61492"},{"taxonomy":"post_tag","embeddable":true,"href":"https:\/\/www.actualidadadiario.com\/index.php\/wp-json\/wp\/v2\/tags?post=61492"}],"curies":[{"name":"wp","href":"https:\/\/api.w.org\/{rel}","templated":true}]}}