{"id":61489,"date":"2020-05-18T14:23:43","date_gmt":"2020-05-18T17:23:43","guid":{"rendered":"https:\/\/www.actualidadadiario.com\/?p=61489"},"modified":"2020-05-18T14:31:01","modified_gmt":"2020-05-18T17:31:01","slug":"la-apertura-de-las-delegaciones-se-realizara-segun-las-regiones-y-localidades-ya-que-depende-de-la-circulacion-del-virus-en-cada-una-de-ellas-aclaro-la-anses-en-un-comunicado-la-administracion","status":"publish","type":"post","link":"https:\/\/www.actualidadadiario.com\/index.php\/2020\/05\/18\/la-apertura-de-las-delegaciones-se-realizara-segun-las-regiones-y-localidades-ya-que-depende-de-la-circulacion-del-virus-en-cada-una-de-ellas-aclaro-la-anses-en-un-comunicado-la-administracion\/","title":{"rendered":"Se cumple un a\u00f1o del movimiento pol\u00edtico que cambi\u00f3 la historia electoral del 2019"},"content":{"rendered":"<p style=\"text-align: center;\"><em><strong>Un 18 de mayo por la ma\u00f1ana, y en v\u00edspera del comienzo de la Semana de Mayo, Cristina Fern\u00e1ndez de Kirchner anunciaba que compartir\u00eda la f\u00f3rmula presidencial con Alberto Fern\u00e1ndez pero ella siendo candidata a vicepresidenta. Luego llegar\u00eda la unidad conformada en el Frente de Todos y el contundente triunfo en primera vuelta para sellar el regreso del peronismo al Gobierno<\/strong><\/em><\/p>\n<p>&nbsp;<\/p>\n<p>&nbsp;<\/p>\n<p>Cristina Fern\u00e1ndez de Kirchner, dos veces presidenta de la Naci\u00f3n Argentina electa por su pueblo en primera vuelta electoral, romp\u00eda ese 18 de mayo del 2019 lo que muchos se\u00f1alaban como un empate de tres partes, o de dos una peque\u00f1a v\u00eda. Cristina que hace unos d\u00edas hab\u00eda regresado a la sede hist\u00f3rica del Partido Justicialista, que hab\u00eda publicado Sinceramente y que lo hab\u00eda lanzado en la Feria del Libro ante una multitud&#8230;<\/p>\n<p>&#8220;Sigo m\u00e1s convencida que nunca que la expectativa o la ambici\u00f3n personal tienen que estar subordinadas al inter\u00e9s general, ese principio remanido, repetido y tantas veces incumplido del peronismo de: primero la Patria, despu\u00e9s el movimiento y por \u00faltimo los hombres es hora de hacerlo realidad de una buena vez por todas. Y no solo con palabras sino tambi\u00e9n con los hechos y, sobretodo, las conductas&#8221;, empezaba Cristina en un emotivo video con su voz en off d\u00e1ndole contexto a lo que vendr\u00eda.<\/p>\n<p>&#8220;En este caso ser\u00eda: primero la Patria, segundo el movimiento y por \u00faltimo una mujer. Permitanme solo por un instante un poco de humor feminista. Le he pedido a Alberto Fern\u00e1ndez que encabece la f\u00f3rmula que integraremos juntos: \u00e9l como candidato a presidente y yo como candidata a vice, para participar en las pr\u00f3ximas elecciones primarias, abiertas, simult\u00e1neas y obligatorias&#8221;, anunci\u00f3 CFK esa ma\u00f1ana ante el estupor de absolutamente todos y todas.<\/p>\n<p>&#8220;Alberto; a quien conozco desde hace m\u00e1s de 20 a\u00f1os y con quien es cierto que tuvimos diferencias, tan cierto como que fue jefe de Gabinete toda su presidencia. Lo vi junto a \u00e9l decidir, organizar, acordar y buscar siempre la mayor amplitud posible del Gobierno, aquellos fueron tiempos muy dif\u00edciles pero estos que estamos viviendo hoy los argentinos y las argentinas son dram\u00e1ticos&#8221;, cerraba la flamante vicepresidenta de todes.<\/p>\n","protected":false},"excerpt":{"rendered":"<p>Un 18 de mayo por la ma\u00f1ana, y en v\u00edspera del comienzo de la Semana de Mayo, Cristina Fern\u00e1ndez de Kirchner anunciaba que compartir\u00eda la f\u00f3rmula presidencial con Alberto Fern\u00e1ndez pero ella siendo candidata a vicepresidenta. Luego llegar\u00eda la unidad conformada en el Frente de Todos y el contundente triunfo en primera vuelta para sellar el regreso del peronismo al Gobierno &nbsp; &nbsp; Cristina Fern\u00e1ndez de Kirchner, dos veces presidenta de la Naci\u00f3n Argentina electa por su pueblo en primera vuelta electoral, romp\u00eda ese 18 de mayo del 2019 lo&#8230;<\/p>\n","protected":false},"author":3,"featured_media":61490,"comment_status":"closed","ping_status":"closed","sticky":false,"template":"","format":"standard","meta":[],"categories":[9],"tags":[],"_links":{"self":[{"href":"https:\/\/www.actualidadadiario.com\/index.php\/wp-json\/wp\/v2\/posts\/61489"}],"collection":[{"href":"https:\/\/www.actualidadadiario.com\/index.php\/wp-json\/wp\/v2\/posts"}],"about":[{"href":"https:\/\/www.actualidadadiario.com\/index.php\/wp-json\/wp\/v2\/types\/post"}],"author":[{"embeddable":true,"href":"https:\/\/www.actualidadadiario.com\/index.php\/wp-json\/wp\/v2\/users\/3"}],"replies":[{"embeddable":true,"href":"https:\/\/www.actualidadadiario.com\/index.php\/wp-json\/wp\/v2\/comments?post=61489"}],"version-history":[{"count":2,"href":"https:\/\/www.actualidadadiario.com\/index.php\/wp-json\/wp\/v2\/posts\/61489\/revisions"}],"predecessor-version":[{"id":61510,"href":"https:\/\/www.actualidadadiario.com\/index.php\/wp-json\/wp\/v2\/posts\/61489\/revisions\/61510"}],"wp:featuredmedia":[{"embeddable":true,"href":"https:\/\/www.actualidadadiario.com\/index.php\/wp-json\/wp\/v2\/media\/61490"}],"wp:attachment":[{"href":"https:\/\/www.actualidadadiario.com\/index.php\/wp-json\/wp\/v2\/media?parent=61489"}],"wp:term":[{"taxonomy":"category","embeddable":true,"href":"https:\/\/www.actualidadadiario.com\/index.php\/wp-json\/wp\/v2\/categories?post=61489"},{"taxonomy":"post_tag","embeddable":true,"href":"https:\/\/www.actualidadadiario.com\/index.php\/wp-json\/wp\/v2\/tags?post=61489"}],"curies":[{"name":"wp","href":"https:\/\/api.w.org\/{rel}","templated":true}]}}