{"id":61486,"date":"2020-05-18T14:22:42","date_gmt":"2020-05-18T17:22:42","guid":{"rendered":"https:\/\/www.actualidadadiario.com\/?p=61486"},"modified":"2020-05-18T14:22:42","modified_gmt":"2020-05-18T17:22:42","slug":"la-anses-aclara-que-las-oficinas-aun-no-estan-atendiendo-al-publico","status":"publish","type":"post","link":"https:\/\/www.actualidadadiario.com\/index.php\/2020\/05\/18\/la-anses-aclara-que-las-oficinas-aun-no-estan-atendiendo-al-publico\/","title":{"rendered":"La Anses aclara que las oficinas a\u00fan no est\u00e1n atendiendo al p\u00fablico"},"content":{"rendered":"<p style=\"text-align: center;\"><em><strong>&#8220;La apertura de las delegaciones se realizar\u00e1 seg\u00fan las regiones y localidades, ya que depende de la circulaci\u00f3n del virus en cada una de ellas&#8221;, aclar\u00f3 la Anses en un comunicado<\/strong><\/em><\/p>\n<p>&nbsp;<\/p>\n<p>&nbsp;<\/p>\n<p>La Administraci\u00f3n Nacional de Seguridad Social (Anses) inform\u00f3 hoy las oficinas del organismo todav\u00eda no est\u00e1n atendiendo al p\u00fablico y sus empleados est\u00e1n trabajando a puertas cerradas hasta que se aplique el protocolo sanitario, de acuerdo a las normas legales por la pandemia de coronavirus.<\/p>\n<p>&#8220;La apertura de las delegaciones se realizar\u00e1 seg\u00fan las regiones y localidades, ya que depende de la circulaci\u00f3n del virus en cada una de ellas&#8221;, aclar\u00f3 la Anses en un comunicado.<\/p>\n<p>En ese marco, record\u00f3 que recientemente el organismo fue declarado &#8220;servicio esencial&#8221; durante la cuarentena.<\/p>\n<p>Por eso, la Anses indic\u00f3 que &#8220;desde la semana pasada, las oficinas se abrieron solo para el personal, por turnos y con medidas de seguridad e higiene, lo que permiti\u00f3 poner al d\u00eda gran cantidad de tr\u00e1mites que hab\u00edan quedado sin curso al momento de declararse la cuarentena&#8221;.<\/p>\n","protected":false},"excerpt":{"rendered":"<p>&#8220;La apertura de las delegaciones se realizar\u00e1 seg\u00fan las regiones y localidades, ya que depende de la circulaci\u00f3n del virus en cada una de ellas&#8221;, aclar\u00f3 la Anses en un comunicado &nbsp; &nbsp; La Administraci\u00f3n Nacional de Seguridad Social (Anses) inform\u00f3 hoy las oficinas del organismo todav\u00eda no est\u00e1n atendiendo al p\u00fablico y sus empleados est\u00e1n trabajando a puertas cerradas hasta que se aplique el protocolo sanitario, de acuerdo a las normas legales por la pandemia de coronavirus. &#8220;La apertura de las delegaciones se realizar\u00e1 seg\u00fan las regiones y localidades,&#8230;<\/p>\n","protected":false},"author":3,"featured_media":61487,"comment_status":"closed","ping_status":"closed","sticky":false,"template":"","format":"standard","meta":[],"categories":[2],"tags":[],"_links":{"self":[{"href":"https:\/\/www.actualidadadiario.com\/index.php\/wp-json\/wp\/v2\/posts\/61486"}],"collection":[{"href":"https:\/\/www.actualidadadiario.com\/index.php\/wp-json\/wp\/v2\/posts"}],"about":[{"href":"https:\/\/www.actualidadadiario.com\/index.php\/wp-json\/wp\/v2\/types\/post"}],"author":[{"embeddable":true,"href":"https:\/\/www.actualidadadiario.com\/index.php\/wp-json\/wp\/v2\/users\/3"}],"replies":[{"embeddable":true,"href":"https:\/\/www.actualidadadiario.com\/index.php\/wp-json\/wp\/v2\/comments?post=61486"}],"version-history":[{"count":1,"href":"https:\/\/www.actualidadadiario.com\/index.php\/wp-json\/wp\/v2\/posts\/61486\/revisions"}],"predecessor-version":[{"id":61488,"href":"https:\/\/www.actualidadadiario.com\/index.php\/wp-json\/wp\/v2\/posts\/61486\/revisions\/61488"}],"wp:featuredmedia":[{"embeddable":true,"href":"https:\/\/www.actualidadadiario.com\/index.php\/wp-json\/wp\/v2\/media\/61487"}],"wp:attachment":[{"href":"https:\/\/www.actualidadadiario.com\/index.php\/wp-json\/wp\/v2\/media?parent=61486"}],"wp:term":[{"taxonomy":"category","embeddable":true,"href":"https:\/\/www.actualidadadiario.com\/index.php\/wp-json\/wp\/v2\/categories?post=61486"},{"taxonomy":"post_tag","embeddable":true,"href":"https:\/\/www.actualidadadiario.com\/index.php\/wp-json\/wp\/v2\/tags?post=61486"}],"curies":[{"name":"wp","href":"https:\/\/api.w.org\/{rel}","templated":true}]}}