{"id":61481,"date":"2020-05-18T14:21:11","date_gmt":"2020-05-18T17:21:11","guid":{"rendered":"https:\/\/www.actualidadadiario.com\/?p=61481"},"modified":"2020-05-18T14:21:11","modified_gmt":"2020-05-18T17:21:11","slug":"amplian-el-alcance-de-los-creditos-a-tasa-cero-para-monotributistas","status":"publish","type":"post","link":"https:\/\/www.actualidadadiario.com\/index.php\/2020\/05\/18\/amplian-el-alcance-de-los-creditos-a-tasa-cero-para-monotributistas\/","title":{"rendered":"Ampl\u00edan el alcance de los cr\u00e9ditos a tasa cero para monotributistas"},"content":{"rendered":"<p style=\"text-align: center;\"><em><strong>Los contribuyentes de la categor\u00eda m\u00e1s baja, la A, que entre el 12 de marzo y el 12 de abril hayan facturado por debajo de $ 10.000 podr\u00e1n recibir el cr\u00e9dito para paliar la crisis<\/strong><\/em><\/p>\n<p>&nbsp;<\/p>\n<p>&nbsp;<\/p>\n<p>Los monotributistas de la categor\u00eda m\u00e1s baja, la A, que entre el 12 de marzo y el 12 de abril hayan facturado por debajo de $ 10.000 podr\u00e1n recibir los cr\u00e9ditos a tasa cero del programa de Apoyo de Emergencia a la Producci\u00f3n y el Trabajo (ATP), en el marco de las medidas para paliar la crisis econ\u00f3mica por el coronavirus<\/p>\n<p>As\u00ed surge del Acta N\u00famero 11 emitida por el Comit\u00e9 de Evaluaci\u00f3n y Monitoreo del ATP, publicada hoy junto a la decisi\u00f3n administrativa 721\/2020 en el Bolet\u00edn Oficial.<\/p>\n<p>La misma modific\u00f3 las condiciones originales establecidas por el Comit\u00e9 para el otorgamiento de los cr\u00e9ditos a tasa cero.<\/p>\n<p>En esta oportunidad, la Administraci\u00f3n Federal de Ingresos P\u00fablicos (AFIP) inform\u00f3 el grado de avance del beneficio cr\u00e9dito a tasa cero, y en ese marco, distintas situaciones planteadas durante su instrumentaci\u00f3n.<\/p>\n<p>A partir de ello, el Comit\u00e9 recomend\u00f3 sustituir el criterio de admisibilidad previsto, que indica que para calificar para estos cr\u00e9ditos, el monto de la facturaci\u00f3n electr\u00f3nica del per\u00edodo comprendido entre el 12 de marzo y el 12 de abril de 2020 haya ca\u00eddo por debajo del promedio mensual del ingreso bruto m\u00ednimo de la categor\u00eda en la que se encuentre registrado.<\/p>\n<p>A este criterio se le agreg\u00f3 que los inscriptos en la categor\u00eda A pueden acceder al beneficio cuando el monto de la facturaci\u00f3n electr\u00f3nica correspondiente a ese per\u00edodo resulte menor a $10.000.<\/p>\n<p>A partir de esta decisi\u00f3n, se estima que unas 140.000 personas que hasta ahora no pod\u00edan tramitar un cr\u00e9dito pasar\u00e1n a estar en condiciones de hacerlo.<\/p>\n<p>Monotributistas y aut\u00f3nomos podr\u00e1n iniciar el tr\u00e1mite para acceder a un cr\u00e9dito a tasa cero hasta el 29 de mayo pr\u00f3ximo.<\/p>\n<p>Unos 134.000 monotributistas y aut\u00f3nomos ya accedieron a este beneficio, inform\u00f3 el Banco Central, que detall\u00f3 que &#8220;el monto total de los Cr\u00e9ditos a Tasa Cero que ya fueron otorgados supera los $ 17.600 millones&#8221;.<\/p>\n","protected":false},"excerpt":{"rendered":"<p>Los contribuyentes de la categor\u00eda m\u00e1s baja, la A, que entre el 12 de marzo y el 12 de abril hayan facturado por debajo de $ 10.000 podr\u00e1n recibir el cr\u00e9dito para paliar la crisis &nbsp; &nbsp; Los monotributistas de la categor\u00eda m\u00e1s baja, la A, que entre el 12 de marzo y el 12 de abril hayan facturado por debajo de $ 10.000 podr\u00e1n recibir los cr\u00e9ditos a tasa cero del programa de Apoyo de Emergencia a la Producci\u00f3n y el Trabajo (ATP), en el marco de las medidas&#8230;<\/p>\n","protected":false},"author":3,"featured_media":49858,"comment_status":"closed","ping_status":"closed","sticky":false,"template":"","format":"standard","meta":[],"categories":[2],"tags":[],"_links":{"self":[{"href":"https:\/\/www.actualidadadiario.com\/index.php\/wp-json\/wp\/v2\/posts\/61481"}],"collection":[{"href":"https:\/\/www.actualidadadiario.com\/index.php\/wp-json\/wp\/v2\/posts"}],"about":[{"href":"https:\/\/www.actualidadadiario.com\/index.php\/wp-json\/wp\/v2\/types\/post"}],"author":[{"embeddable":true,"href":"https:\/\/www.actualidadadiario.com\/index.php\/wp-json\/wp\/v2\/users\/3"}],"replies":[{"embeddable":true,"href":"https:\/\/www.actualidadadiario.com\/index.php\/wp-json\/wp\/v2\/comments?post=61481"}],"version-history":[{"count":1,"href":"https:\/\/www.actualidadadiario.com\/index.php\/wp-json\/wp\/v2\/posts\/61481\/revisions"}],"predecessor-version":[{"id":61482,"href":"https:\/\/www.actualidadadiario.com\/index.php\/wp-json\/wp\/v2\/posts\/61481\/revisions\/61482"}],"wp:featuredmedia":[{"embeddable":true,"href":"https:\/\/www.actualidadadiario.com\/index.php\/wp-json\/wp\/v2\/media\/49858"}],"wp:attachment":[{"href":"https:\/\/www.actualidadadiario.com\/index.php\/wp-json\/wp\/v2\/media?parent=61481"}],"wp:term":[{"taxonomy":"category","embeddable":true,"href":"https:\/\/www.actualidadadiario.com\/index.php\/wp-json\/wp\/v2\/categories?post=61481"},{"taxonomy":"post_tag","embeddable":true,"href":"https:\/\/www.actualidadadiario.com\/index.php\/wp-json\/wp\/v2\/tags?post=61481"}],"curies":[{"name":"wp","href":"https:\/\/api.w.org\/{rel}","templated":true}]}}