{"id":61476,"date":"2020-05-18T14:19:30","date_gmt":"2020-05-18T17:19:30","guid":{"rendered":"https:\/\/www.actualidadadiario.com\/?p=61476"},"modified":"2020-05-18T14:19:30","modified_gmt":"2020-05-18T17:19:30","slug":"incluyen-a-instituciones-educativas-y-prestadores-de-salud-en-el-pago-del-salario-a-privados","status":"publish","type":"post","link":"https:\/\/www.actualidadadiario.com\/index.php\/2020\/05\/18\/incluyen-a-instituciones-educativas-y-prestadores-de-salud-en-el-pago-del-salario-a-privados\/","title":{"rendered":"Incluyen a instituciones educativas y prestadores de salud en el pago del salario a privados"},"content":{"rendered":"<p style=\"text-align: center;\"><em><strong>En una nueva normativa, el Gobierno nacional ampli\u00f3 la lista de beneficiarios al programa de Asistencia al Trabajo y la Producci\u00f3n (ATP). Se trata del plan mediante el cual el Estado se hace cargo de una parte del salario de trabajadores del sector privado. De esta forma, ahora incluyeron a instituciones educativas de nivel terciario, los prestadores de salud y las empresas de log\u00edstica<\/strong><\/em><\/p>\n<p>&nbsp;<\/p>\n<p>El Comit\u00e9 de Evaluaci\u00f3n y Monitoreo del Programa ATP recomend\u00f3 la decisi\u00f3n, que se formaliz\u00f3 este lunes por la decisi\u00f3n administrativa 817\/2020 publicada este lunes en el Bolet\u00edn Oficial. En este sentido, el Comit\u00e9 determin\u00f3 que estos sectores incluidos sufrieron ca\u00eddas significativas en la facturaci\u00f3n, por la cuarentena obligatoria decretada.<\/p>\n<p>Por este motivo, solicit\u00f3 al Ministerio de Educaci\u00f3n que proporcione a la AFIP el listado de las instituciones de ense\u00f1anza terciaria que no perciben aportes o subsidios. Y cuyos trabajadores se encuentran en condiciones de percibir el salario complementario. De esta forma, inst\u00f3 a que la AFIP avance con el tr\u00e1mite para otorgarlo.<\/p>\n<p>Tambi\u00e9n le pidi\u00f3 a la administraci\u00f3n federal que se incorporen las cl\u00ednicas y sanatorios privados. Y a empresas de emergencia extra hospitalaria. En esta l\u00ednea, el pan de asistencia permitir\u00e1 que se incluyan empresas de servicio de transporte automotor de cargas. Aqu\u00ed se encuentran las de servicios de carga refrigerada y transporte pesado. Servicios complementarios para el transporte terrestre, incluidos los de mantenimiento de material ferroviario, y de almacenamiento y dep\u00f3sito.<\/p>\n<p>De esta manera, la medida prev\u00e9 que la ANSES transfiera a las cuentas de los trabajadores, en forma directa, el 50% del salario de bolsillo. Esta cantidad no podr\u00e1 ser menor a un salario m\u00ednimo, que est\u00e1 en $16.875, ni mayor a dos, es decir, $33.750 pesos. Tambi\u00e9n anunciaron que para el beneficio de mayo, se va a estimar la variaci\u00f3n de la facturaci\u00f3n de los empleadores comparando los per\u00edodos abril de 2019 con abril de 2020.<\/p>\n","protected":false},"excerpt":{"rendered":"<p>En una nueva normativa, el Gobierno nacional ampli\u00f3 la lista de beneficiarios al programa de Asistencia al Trabajo y la Producci\u00f3n (ATP). Se trata del plan mediante el cual el Estado se hace cargo de una parte del salario de trabajadores del sector privado. De esta forma, ahora incluyeron a instituciones educativas de nivel terciario, los prestadores de salud y las empresas de log\u00edstica &nbsp; El Comit\u00e9 de Evaluaci\u00f3n y Monitoreo del Programa ATP recomend\u00f3 la decisi\u00f3n, que se formaliz\u00f3 este lunes por la decisi\u00f3n administrativa 817\/2020 publicada este lunes&#8230;<\/p>\n","protected":false},"author":3,"featured_media":35742,"comment_status":"closed","ping_status":"closed","sticky":false,"template":"","format":"standard","meta":[],"categories":[2],"tags":[],"_links":{"self":[{"href":"https:\/\/www.actualidadadiario.com\/index.php\/wp-json\/wp\/v2\/posts\/61476"}],"collection":[{"href":"https:\/\/www.actualidadadiario.com\/index.php\/wp-json\/wp\/v2\/posts"}],"about":[{"href":"https:\/\/www.actualidadadiario.com\/index.php\/wp-json\/wp\/v2\/types\/post"}],"author":[{"embeddable":true,"href":"https:\/\/www.actualidadadiario.com\/index.php\/wp-json\/wp\/v2\/users\/3"}],"replies":[{"embeddable":true,"href":"https:\/\/www.actualidadadiario.com\/index.php\/wp-json\/wp\/v2\/comments?post=61476"}],"version-history":[{"count":1,"href":"https:\/\/www.actualidadadiario.com\/index.php\/wp-json\/wp\/v2\/posts\/61476\/revisions"}],"predecessor-version":[{"id":61477,"href":"https:\/\/www.actualidadadiario.com\/index.php\/wp-json\/wp\/v2\/posts\/61476\/revisions\/61477"}],"wp:featuredmedia":[{"embeddable":true,"href":"https:\/\/www.actualidadadiario.com\/index.php\/wp-json\/wp\/v2\/media\/35742"}],"wp:attachment":[{"href":"https:\/\/www.actualidadadiario.com\/index.php\/wp-json\/wp\/v2\/media?parent=61476"}],"wp:term":[{"taxonomy":"category","embeddable":true,"href":"https:\/\/www.actualidadadiario.com\/index.php\/wp-json\/wp\/v2\/categories?post=61476"},{"taxonomy":"post_tag","embeddable":true,"href":"https:\/\/www.actualidadadiario.com\/index.php\/wp-json\/wp\/v2\/tags?post=61476"}],"curies":[{"name":"wp","href":"https:\/\/api.w.org\/{rel}","templated":true}]}}