{"id":61470,"date":"2020-05-18T14:18:00","date_gmt":"2020-05-18T17:18:00","guid":{"rendered":"https:\/\/www.actualidadadiario.com\/?p=61470"},"modified":"2020-05-18T14:18:00","modified_gmt":"2020-05-18T17:18:00","slug":"precios-maximos-hasta-fines-de-junio","status":"publish","type":"post","link":"https:\/\/www.actualidadadiario.com\/index.php\/2020\/05\/18\/precios-maximos-hasta-fines-de-junio\/","title":{"rendered":"Precios M\u00e1ximos hasta fines de junio"},"content":{"rendered":"<p style=\"text-align: center;\"><em><strong>El Gobierno oficializ\u00f3 la extensi\u00f3n del programa Precios M\u00e1ximos, que venc\u00eda hoy. Mediante una resoluci\u00f3n publicada este lunes en el Bolet\u00edn Oficial, estableci\u00f3 que los valores de los productos alcanzados continuar\u00e1n sin cambios hasta fines de junio<\/strong><\/em><\/p>\n<p>&nbsp;<\/p>\n<p>De esta forma, se prorrog\u00f3 hasta el 30 de junio inclusive la medida puesta en vigor el 19 de marzo pasado, cuando inici\u00f3 la cuarentena, la cual estableci\u00f3 precios m\u00e1ximos para alimentos y productos de higiene personal de acuerdo a los valores que reg\u00edan el 6 de marzo, ya que ante la irrupci\u00f3n de la pandemia de coronavirus en el pa\u00eds se hab\u00eda desatado una oleada de aumentos.<\/p>\n<p>El programa ya fue prorrogado en dos oportunidades, y, a partir de ma\u00f1ana, se extiende una vez m\u00e1s por un plazo de 43 d\u00edas, ante la perspectiva de continuar con las medidas de aislamiento social y los problemas econ\u00f3micos que esto trae acarreado.<\/p>\n<p>Por otra parte, tambi\u00e9n se intima a &#8220;las empresas que forman parte integrante de la cadena de producci\u00f3n, distribuci\u00f3n y comercializaci\u00f3n de los productos&#8221; contemplados en la resoluci\u00f3n 100, del 19 de marzo, &#8220;a incrementar su producci\u00f3n hasta el m\u00e1ximo de su capacidad instalada y a arbitrar las medidas conducentes para asegurar su transporte y provisi\u00f3n durante el per\u00edodo de vigencia de la presente resoluci\u00f3n&#8221;.<\/p>\n<p>As\u00ed qued\u00f3 estipulado hoy en la resoluci\u00f3n conjunta 113 del Ministerio de Desarrollo Exterior y la Secretar\u00eda de Comercio Interior, la cual lleva la firma del titular de la \u00faltima entidad, Paula Espa\u00f1ol.<\/p>\n<p>Todas las presentaciones que se efect\u00faen en el marco de este programa &#8220;deber\u00e1n realizarse mediante la Plataforma de \u201cTr\u00e1mites a Distancia\u201d (TAD), del Sistema de Gesti\u00f3n Documental Electr\u00f3nica (GDE)&#8221;. Adem\u00e1s, el plazo de la medida &#8220;podr\u00e1 ser prorrogado en atenci\u00f3n a la evoluci\u00f3n de la situaci\u00f3n epidemiol\u00f3gica del Coronavirus Covid-19&#8221;.<\/p>\n<p>La resoluci\u00f3n indica en su texto que previo a la vigencia de Precios M\u00e1ximos &#8220;se han verificado aumentos generalizados en el precio de venta de productos tanto de alimentos para la poblaci\u00f3n, as\u00ed como tambi\u00e9n, de productos de higiene y cuidado personal&#8221;, aumentos que &#8220;resultan irrazonables y no se corresponden con las variaciones recientes de las estructuras de costos de producci\u00f3n&#8221;.<\/p>\n<p>Al respecto, se remarc\u00f3 que &#8220;este aumento general de precios afecta especialmente el bienestar general de la poblaci\u00f3n al proyectarse en el marco de la ampliaci\u00f3n de la emergencia p\u00fablica en materia sanitaria&#8221;.<\/p>\n<p>&#8220;Lo que sucede en nuestro pa\u00eds se enmarca en un contexto de pandemia mundial que podr\u00eda provocar, si no se adoptan las medidas adecuadas, una potencial crisis social sin precedentes, por lo que se deben tomar todas las medidas necesarias para morigerar su impacto en el sistema econ\u00f3mico&#8221;, subraya la medida.<\/p>\n<p>En funci\u00f3n de la extensi\u00f3n del per\u00edodo de aislamiento social, &#8220;deviene un deber el salvaguardar el bienestar del pueblo argentino y asegurar el acceso a los bienes de consumo general esenciales en condiciones razonables, justas y equitativas por parte de todos y todas&#8221;.<\/p>\n<p>Debido al &#8220;contexto de emergencia econ\u00f3mico, social y sanitaria declarada&#8221;, la Secretar\u00eda de Comercio Interior considera &#8220;menester intimar a las empresas que forman parte de la cadena de producci\u00f3n, distribuci\u00f3n y comercializaci\u00f3n de los bienes de consumo masivo incluidos en el Sistema Electr\u00f3nico de Publicidad de Precios Argentinos (SEPA) a incrementar su producci\u00f3n hasta el m\u00e1s alto grado de su capacidad instalada&#8221;.<\/p>\n<p>A estas empresas les piden tambi\u00e9n &#8220;arbitrar los medios a su alcance para asegurar su transporte y distribuci\u00f3n, con el fin de satisfacer la demanda creciente de la poblaci\u00f3n y entidades p\u00fablicas de los distintos niveles de gobierno y evitar, de este modo, situaciones de desabastecimiento&#8221;.<\/p>\n","protected":false},"excerpt":{"rendered":"<p>El Gobierno oficializ\u00f3 la extensi\u00f3n del programa Precios M\u00e1ximos, que venc\u00eda hoy. Mediante una resoluci\u00f3n publicada este lunes en el Bolet\u00edn Oficial, estableci\u00f3 que los valores de los productos alcanzados continuar\u00e1n sin cambios hasta fines de junio &nbsp; De esta forma, se prorrog\u00f3 hasta el 30 de junio inclusive la medida puesta en vigor el 19 de marzo pasado, cuando inici\u00f3 la cuarentena, la cual estableci\u00f3 precios m\u00e1ximos para alimentos y productos de higiene personal de acuerdo a los valores que reg\u00edan el 6 de marzo, ya que ante la&#8230;<\/p>\n","protected":false},"author":3,"featured_media":61471,"comment_status":"closed","ping_status":"closed","sticky":false,"template":"","format":"standard","meta":[],"categories":[9],"tags":[],"_links":{"self":[{"href":"https:\/\/www.actualidadadiario.com\/index.php\/wp-json\/wp\/v2\/posts\/61470"}],"collection":[{"href":"https:\/\/www.actualidadadiario.com\/index.php\/wp-json\/wp\/v2\/posts"}],"about":[{"href":"https:\/\/www.actualidadadiario.com\/index.php\/wp-json\/wp\/v2\/types\/post"}],"author":[{"embeddable":true,"href":"https:\/\/www.actualidadadiario.com\/index.php\/wp-json\/wp\/v2\/users\/3"}],"replies":[{"embeddable":true,"href":"https:\/\/www.actualidadadiario.com\/index.php\/wp-json\/wp\/v2\/comments?post=61470"}],"version-history":[{"count":1,"href":"https:\/\/www.actualidadadiario.com\/index.php\/wp-json\/wp\/v2\/posts\/61470\/revisions"}],"predecessor-version":[{"id":61472,"href":"https:\/\/www.actualidadadiario.com\/index.php\/wp-json\/wp\/v2\/posts\/61470\/revisions\/61472"}],"wp:featuredmedia":[{"embeddable":true,"href":"https:\/\/www.actualidadadiario.com\/index.php\/wp-json\/wp\/v2\/media\/61471"}],"wp:attachment":[{"href":"https:\/\/www.actualidadadiario.com\/index.php\/wp-json\/wp\/v2\/media?parent=61470"}],"wp:term":[{"taxonomy":"category","embeddable":true,"href":"https:\/\/www.actualidadadiario.com\/index.php\/wp-json\/wp\/v2\/categories?post=61470"},{"taxonomy":"post_tag","embeddable":true,"href":"https:\/\/www.actualidadadiario.com\/index.php\/wp-json\/wp\/v2\/tags?post=61470"}],"curies":[{"name":"wp","href":"https:\/\/api.w.org\/{rel}","templated":true}]}}