{"id":61467,"date":"2020-05-18T14:17:10","date_gmt":"2020-05-18T17:17:10","guid":{"rendered":"https:\/\/www.actualidadadiario.com\/?p=61467"},"modified":"2020-05-18T14:17:10","modified_gmt":"2020-05-18T17:17:10","slug":"bajante-historica-de-los-rios-la-principal-causa-y-un-pronostico-poco-alentador","status":"publish","type":"post","link":"https:\/\/www.actualidadadiario.com\/index.php\/2020\/05\/18\/bajante-historica-de-los-rios-la-principal-causa-y-un-pronostico-poco-alentador\/","title":{"rendered":"Bajante hist\u00f3rica de los r\u00edos: La principal causa y un pron\u00f3stico poco alentador"},"content":{"rendered":"<p style=\"text-align: center;\"><em><strong>Hay provincias del noreste argentino que atraviesan nueve meses sin lluvias. Adem\u00e1s, las escasas precipitaciones en el sur brasile\u00f1o tienen un efecto directo en el gran d\u00e9ficit de los caudales de los r\u00edos m\u00e1s importantes de nuestro pa\u00eds<\/strong><\/em><\/p>\n<p>&nbsp;<\/p>\n<p>&nbsp;<\/p>\n<p>Un informe del Servicio Meteorol\u00f3gico Nacional da cuenta que desde agosto de 2019, las provincias del noreste argentino (Formosa, Chaco, Santa Fe, Entre R\u00edos, Corrientes y Misiones) vienen experimentando anomal\u00edas negativas mensuales de precipitaci\u00f3n. Destaca que en cada uno de estos puntos del pa\u00eds llovi\u00f3 por debajo de lo esperado de acuerdo a la media del periodo 1981-2010.<\/p>\n<p>Sin embargo, desde comienzos de 2020, esta tendencia se acentu\u00f3 y la situaci\u00f3n al terminar el cuarto mes del a\u00f1o muestra una sequ\u00eda que en algunas regiones llega a ser extrema.<\/p>\n<p>En enero, solo el sur de la Mesopotamia presentaba menores precipitaciones de lo normal, pero con el correr del tiempo, la regi\u00f3n impactada se fue extendiendo hasta otras provincias como Salta o Santiago del Estero. Es importante resaltar que las precipitaciones deficitarias afectan a toda la cuenca del Plata, que incluye a Brasil, Paraguay y Uruguay.<\/p>\n<p>&nbsp;<\/p>\n<p><strong>Las causas<\/strong><\/p>\n<p>El documento del SMN advierte que si bien hay muchos elementos que entran en juego en una situaci\u00f3n como esta, una de las posibles causas que analizan en la Direcci\u00f3n Central de Monitoreo del Clima del SMN, es la Zona de Convergencia del Atl\u00e1ntico Sur (ZCAS) muy activa en los \u00faltimos meses. Se trata de uno de los sistemas m\u00e1s importantes en la determinaci\u00f3n clim\u00e1tica sobre Sudam\u00e9rica. Sus precipitaciones alimentan la Amazon\u00eda, por lo que pa\u00edses como Brasil, Paraguay, Uruguay, Guyanas, el norte de Argentina, dedican sus an\u00e1lisis a este sistema.<\/p>\n<p>&#8220;Esta importante caracter\u00edstica climatol\u00f3gica aparece en nuestro verano y se extiende a lo ancho del subcontinente, con sentido noroeste-sudeste, por lo que afecta los patrones de lluvias de todo Sudam\u00e9rica. Su ubicaci\u00f3n e intensidad determinan zonas donde el aire puede ascender (asociado a precipitaciones) o descender (sequ\u00eda)&#8221;, a\u00f1ade el informe.<\/p>\n<p>Agrega que &#8220;si a este evento se le a\u00f1aden otros como la generaci\u00f3n de ondas en las atm\u00f3sfera con origen en el oeste del oc\u00e9ano \u00cdndico, las condiciones pueden verse reforzadas. A trav\u00e9s de una teleconexi\u00f3n, este tren de onda es capaz de viajar hasta nuestra regi\u00f3n y acentuar las condiciones para que no se formen nubes y se imposibiliten las lluvias&#8221;.<\/p>\n<p>&nbsp;<\/p>\n<p><strong>Los r\u00edos, los m\u00e1s afectados<\/strong><\/p>\n<p>Las consecuencias de un periodo tan largo con lluvias menores a las normales ya son visibles. Pero quiz\u00e1s una de las postales m\u00e1s significativas de esta situaci\u00f3n que atraviesa actualmente el noreste argentino sea la bajante extraordinaria de los r\u00edos de la regi\u00f3n.<\/p>\n<p>&#8220;Esta importante caracter\u00edstica climatol\u00f3gica aparece en nuestro verano y se extiende a lo ancho del subcontinente, con sentido noroeste-sudeste, por lo que afecta los patrones de lluvias de todo Sudam\u00e9rica. Su ubicaci\u00f3n e intensidad determinan zonas donde el aire puede ascender (asociado a precipitaciones) o descender (sequ\u00eda)&#8221;, a\u00f1ade el informe.<\/p>\n<p>Agrega que &#8220;si a este evento se le a\u00f1aden otros como la generaci\u00f3n de ondas en las atm\u00f3sfera con origen en el oeste del oc\u00e9ano \u00cdndico, las condiciones pueden verse reforzadas. A trav\u00e9s de una teleconexi\u00f3n, este tren de onda es capaz de viajar hasta nuestra regi\u00f3n y acentuar las condiciones para que no se formen nubes y se imposibiliten las lluvias&#8221;.<\/p>\n<p>Las consecuencias de un periodo tan largo con lluvias menores a las normales ya son visibles. Pero quiz\u00e1s una de las postales m\u00e1s significativas de esta situaci\u00f3n que atraviesa actualmente el noreste argentino sea la bajante extraordinaria de los r\u00edos de la regi\u00f3n.<\/p>\n<p>&nbsp;<\/p>\n<p><strong>Un comienzo del invierno m\u00e1s seco de lo normal<\/strong><\/p>\n<p>De acuerdo al pron\u00f3stico clim\u00e1tico trimestral para los meses de mayo, junio y julio, se espera que gran parte de la regi\u00f3n afectada, en especial la Mesopotamia, presente precipitaciones menores a la media de este periodo. En el caso de Santa Fe, Chaco y Formosa, no hay ninguna categor\u00eda (superior, normal o inferior) que tenga mayor probabilidad de ocurrencia.<\/p>\n<p>&nbsp;<\/p>\n<p><strong>Indicadores para detectar la sequ\u00eda<\/strong><\/p>\n<p>Para monitorear los eventos de exceso o d\u00e9ficit de lluvias, el Centro Regional del Clima para el Sur de Am\u00e9rica del Sur (CRS-SAS) desarroll\u00f3 el \u00cdndice de Precipitaci\u00f3n Estandarizado (IPE). Utilizando el indicador que tiene en cuenta el acumulado en los \u00faltimos nueve meses (septiembre 2019 a abril 2020), se ve que pr\u00e1cticamente todo el norte argentino presenta condiciones de sequ\u00eda moderada a severa. El norte misionero y el este de Formosa, sin embargo, presentan una situaci\u00f3n a\u00fan m\u00e1s severa.<\/p>\n","protected":false},"excerpt":{"rendered":"<p>Hay provincias del noreste argentino que atraviesan nueve meses sin lluvias. Adem\u00e1s, las escasas precipitaciones en el sur brasile\u00f1o tienen un efecto directo en el gran d\u00e9ficit de los caudales de los r\u00edos m\u00e1s importantes de nuestro pa\u00eds &nbsp; &nbsp; Un informe del Servicio Meteorol\u00f3gico Nacional da cuenta que desde agosto de 2019, las provincias del noreste argentino (Formosa, Chaco, Santa Fe, Entre R\u00edos, Corrientes y Misiones) vienen experimentando anomal\u00edas negativas mensuales de precipitaci\u00f3n. Destaca que en cada uno de estos puntos del pa\u00eds llovi\u00f3 por debajo de lo esperado&#8230;<\/p>\n","protected":false},"author":3,"featured_media":61468,"comment_status":"closed","ping_status":"closed","sticky":false,"template":"","format":"standard","meta":[],"categories":[15],"tags":[],"_links":{"self":[{"href":"https:\/\/www.actualidadadiario.com\/index.php\/wp-json\/wp\/v2\/posts\/61467"}],"collection":[{"href":"https:\/\/www.actualidadadiario.com\/index.php\/wp-json\/wp\/v2\/posts"}],"about":[{"href":"https:\/\/www.actualidadadiario.com\/index.php\/wp-json\/wp\/v2\/types\/post"}],"author":[{"embeddable":true,"href":"https:\/\/www.actualidadadiario.com\/index.php\/wp-json\/wp\/v2\/users\/3"}],"replies":[{"embeddable":true,"href":"https:\/\/www.actualidadadiario.com\/index.php\/wp-json\/wp\/v2\/comments?post=61467"}],"version-history":[{"count":1,"href":"https:\/\/www.actualidadadiario.com\/index.php\/wp-json\/wp\/v2\/posts\/61467\/revisions"}],"predecessor-version":[{"id":61469,"href":"https:\/\/www.actualidadadiario.com\/index.php\/wp-json\/wp\/v2\/posts\/61467\/revisions\/61469"}],"wp:featuredmedia":[{"embeddable":true,"href":"https:\/\/www.actualidadadiario.com\/index.php\/wp-json\/wp\/v2\/media\/61468"}],"wp:attachment":[{"href":"https:\/\/www.actualidadadiario.com\/index.php\/wp-json\/wp\/v2\/media?parent=61467"}],"wp:term":[{"taxonomy":"category","embeddable":true,"href":"https:\/\/www.actualidadadiario.com\/index.php\/wp-json\/wp\/v2\/categories?post=61467"},{"taxonomy":"post_tag","embeddable":true,"href":"https:\/\/www.actualidadadiario.com\/index.php\/wp-json\/wp\/v2\/tags?post=61467"}],"curies":[{"name":"wp","href":"https:\/\/api.w.org\/{rel}","templated":true}]}}