{"id":61465,"date":"2020-05-18T14:16:22","date_gmt":"2020-05-18T17:16:22","guid":{"rendered":"https:\/\/www.actualidadadiario.com\/?p=61465"},"modified":"2020-05-18T14:16:22","modified_gmt":"2020-05-18T17:16:22","slug":"dictan-restriccion-a-castrillon","status":"publish","type":"post","link":"https:\/\/www.actualidadadiario.com\/index.php\/2020\/05\/18\/dictan-restriccion-a-castrillon\/","title":{"rendered":"Dictan restricci\u00f3n a Castrill\u00f3n"},"content":{"rendered":"<p style=\"text-align: center;\"><em><strong>Luego de que la vocal del Superior Tribunal de Justicia, Susana Medina de Rizzo, denunciara a su par Emilio Castrill\u00f3n por &#8220;violencia de g\u00e9nero&#8221; en un mensaje de Whatsapp, dictaron una medida de restricci\u00f3n por 30 d\u00edas<\/strong><\/em><\/p>\n<p>&nbsp;<\/p>\n<p>&nbsp;<\/p>\n<p>El nuevo esc\u00e1ndalo que comenz\u00f3 a tejerse hace algunas semanas en los tribunales de la capital entrerriana tuvo en los \u00faltimos d\u00edas un nuevo cap\u00edtulo y, seguramente, seguir\u00e1 habiendo novedades al respecto.<\/p>\n<p>Luego de que la vocal del Superior Tribunal de Justicia, Susana Medina de Rizzo, denunciara a su par Emilio Castrill\u00f3n por &#8220;violencia de g\u00e9nero&#8221; en un mensaje de Whatsapp, el viernes notificaron a al magistrado de una medida de restricci\u00f3n por 30 d\u00edas impuesta por el juez de Garant\u00edas, Mauricio Mayer.<\/p>\n<p>&nbsp;<\/p>\n<p><strong>El anuncio<\/strong><\/p>\n<p>Medina hab\u00eda comunicado durante una reuni\u00f3n de Acuerdo del alto cuerpo, que denunciar\u00eda por violencia de g\u00e9nero a Castrill\u00f3n, puesto que consideraba que su compa\u00f1ero hab\u00eda tenido reiterados comportamientos violentos con ella.<\/p>\n<p>&nbsp;<\/p>\n<p><strong>La denuncia<\/strong><\/p>\n<p>El 27 de abril hizo la presentaci\u00f3n formal ante el procurador General del Poder Judicial, Jorge Am\u00edlcar Garc\u00eda, quien deriv\u00f3 la causa a la Fiscal\u00eda de G\u00e9nero.<\/p>\n<p>&nbsp;<\/p>\n<p><strong>La restricci\u00f3n<\/strong><\/p>\n<p>Este viernes notificaron a Castrill\u00f3n de una medida de restricci\u00f3n impuesta por el juez de Garant\u00edas Mauricio Mayer.<\/p>\n<p>Seg\u00fan consta en el documento, la medida de restricci\u00f3n consiste en &#8220;la prohibici\u00f3n de realizar actos violentos, molestos y\/o perturbadores tanto a la denunciante como a su grupo familiar y\/o colaboradores, por s\u00ed o por interp\u00f3sita persona y por cualquier medio p\u00fablico y\/ o privado. Todo ello por el plazo de 30 d\u00edas, que ser\u00e1n computados a partir de la notificaci\u00f3n y bajo apercibimiento de que su incumplimiento podr\u00eda configurar el delito de desobediencia judicial (art 239 C.P). Asimismo se har\u00e1 saber al encartado que podr\u00e1 solicitar audiencia, a los fines de que revisen las presentes restricciones&#8221;.<\/p>\n<p>Sin dudas, la situaci\u00f3n no quedar\u00e1 en este plano y seguir\u00e1 demandando recursos judiciales. Es que, m\u00e1s all\u00e1 de lo que estrictamente demandar\u00e1 esta causa, hasta que finalmente obtenga una resoluci\u00f3n de la Justicia, Castrill\u00f3n ya adelant\u00f3 que buscar\u00e1 &#8220;recuperar lo que gaste&#8221; a trav\u00e9s de una denuncia por &#8220;da\u00f1os y perjuicios&#8221; contra Medina. Es que el vocal del STJ considera que &#8220;es artero, da\u00f1ino. Me lesiona mentalmente, ps\u00edquicamente. Me est\u00e1 haciendo da\u00f1o en la vida de relaci\u00f3n. Yo voy a perseguir este da\u00f1o&#8221;, dijo.<\/p>\n<p>Mientras tanto, se abre un interrogante en cuanto a c\u00f3mo seguir\u00e1 el funcionamiento del Superior Tribunal, dada la restricci\u00f3n que pesa sobre Castrill\u00f3n, en un marco en el que se supone que, aunque sea virtual, los jueces del m\u00e1ximo \u00f3rgano de Justicia de Entre R\u00edos deben mantener contactos para resolver las cuestiones para las que han sido designados en tales cargos.<\/p>\n","protected":false},"excerpt":{"rendered":"<p>Luego de que la vocal del Superior Tribunal de Justicia, Susana Medina de Rizzo, denunciara a su par Emilio Castrill\u00f3n por &#8220;violencia de g\u00e9nero&#8221; en un mensaje de Whatsapp, dictaron una medida de restricci\u00f3n por 30 d\u00edas &nbsp; &nbsp; El nuevo esc\u00e1ndalo que comenz\u00f3 a tejerse hace algunas semanas en los tribunales de la capital entrerriana tuvo en los \u00faltimos d\u00edas un nuevo cap\u00edtulo y, seguramente, seguir\u00e1 habiendo novedades al respecto. Luego de que la vocal del Superior Tribunal de Justicia, Susana Medina de Rizzo, denunciara a su par Emilio&#8230;<\/p>\n","protected":false},"author":3,"featured_media":61149,"comment_status":"closed","ping_status":"closed","sticky":false,"template":"","format":"standard","meta":[],"categories":[15],"tags":[],"_links":{"self":[{"href":"https:\/\/www.actualidadadiario.com\/index.php\/wp-json\/wp\/v2\/posts\/61465"}],"collection":[{"href":"https:\/\/www.actualidadadiario.com\/index.php\/wp-json\/wp\/v2\/posts"}],"about":[{"href":"https:\/\/www.actualidadadiario.com\/index.php\/wp-json\/wp\/v2\/types\/post"}],"author":[{"embeddable":true,"href":"https:\/\/www.actualidadadiario.com\/index.php\/wp-json\/wp\/v2\/users\/3"}],"replies":[{"embeddable":true,"href":"https:\/\/www.actualidadadiario.com\/index.php\/wp-json\/wp\/v2\/comments?post=61465"}],"version-history":[{"count":1,"href":"https:\/\/www.actualidadadiario.com\/index.php\/wp-json\/wp\/v2\/posts\/61465\/revisions"}],"predecessor-version":[{"id":61466,"href":"https:\/\/www.actualidadadiario.com\/index.php\/wp-json\/wp\/v2\/posts\/61465\/revisions\/61466"}],"wp:featuredmedia":[{"embeddable":true,"href":"https:\/\/www.actualidadadiario.com\/index.php\/wp-json\/wp\/v2\/media\/61149"}],"wp:attachment":[{"href":"https:\/\/www.actualidadadiario.com\/index.php\/wp-json\/wp\/v2\/media?parent=61465"}],"wp:term":[{"taxonomy":"category","embeddable":true,"href":"https:\/\/www.actualidadadiario.com\/index.php\/wp-json\/wp\/v2\/categories?post=61465"},{"taxonomy":"post_tag","embeddable":true,"href":"https:\/\/www.actualidadadiario.com\/index.php\/wp-json\/wp\/v2\/tags?post=61465"}],"curies":[{"name":"wp","href":"https:\/\/api.w.org\/{rel}","templated":true}]}}