{"id":61459,"date":"2020-05-18T14:14:51","date_gmt":"2020-05-18T17:14:51","guid":{"rendered":"https:\/\/www.actualidadadiario.com\/?p=61459"},"modified":"2020-05-18T14:14:51","modified_gmt":"2020-05-18T17:14:51","slug":"convocan-a-una-nueva-sesion-mixta-en-diputados","status":"publish","type":"post","link":"https:\/\/www.actualidadadiario.com\/index.php\/2020\/05\/18\/convocan-a-una-nueva-sesion-mixta-en-diputados\/","title":{"rendered":"Convocan a una nueva sesi\u00f3n mixta en Diputados"},"content":{"rendered":"<p style=\"text-align: center;\"><em><strong>La C\u00e1mara de Diputados de la provincia sesionar\u00e1 nuevamente esta semana con la modalidad mixta que consiste en la asistencia al recinto de los presidentes de bloques y la presencia remota de los dem\u00e1s legisladores<\/strong><\/em><\/p>\n<p>&nbsp;<\/p>\n<p>&nbsp;<\/p>\n<p>La convocatoria est\u00e1 hecha para el martes 19 y mi\u00e9rcoles 20 a las 18 hs y jueves 21 a las 11 hs. Ser\u00e1 la segunda vez que la C\u00e1mara sesione con la modalidad mixta. Esta semana habr\u00e1, adem\u00e1s, reuniones de comisiones.<\/p>\n","protected":false},"excerpt":{"rendered":"<p>La C\u00e1mara de Diputados de la provincia sesionar\u00e1 nuevamente esta semana con la modalidad mixta que consiste en la asistencia al recinto de los presidentes de bloques y la presencia remota de los dem\u00e1s legisladores &nbsp; &nbsp; La convocatoria est\u00e1 hecha para el martes 19 y mi\u00e9rcoles 20 a las 18 hs y jueves 21 a las 11 hs. Ser\u00e1 la segunda vez que la C\u00e1mara sesione con la modalidad mixta. Esta semana habr\u00e1, adem\u00e1s, reuniones de comisiones.<\/p>\n","protected":false},"author":3,"featured_media":61460,"comment_status":"closed","ping_status":"closed","sticky":false,"template":"","format":"standard","meta":[],"categories":[15],"tags":[],"_links":{"self":[{"href":"https:\/\/www.actualidadadiario.com\/index.php\/wp-json\/wp\/v2\/posts\/61459"}],"collection":[{"href":"https:\/\/www.actualidadadiario.com\/index.php\/wp-json\/wp\/v2\/posts"}],"about":[{"href":"https:\/\/www.actualidadadiario.com\/index.php\/wp-json\/wp\/v2\/types\/post"}],"author":[{"embeddable":true,"href":"https:\/\/www.actualidadadiario.com\/index.php\/wp-json\/wp\/v2\/users\/3"}],"replies":[{"embeddable":true,"href":"https:\/\/www.actualidadadiario.com\/index.php\/wp-json\/wp\/v2\/comments?post=61459"}],"version-history":[{"count":1,"href":"https:\/\/www.actualidadadiario.com\/index.php\/wp-json\/wp\/v2\/posts\/61459\/revisions"}],"predecessor-version":[{"id":61461,"href":"https:\/\/www.actualidadadiario.com\/index.php\/wp-json\/wp\/v2\/posts\/61459\/revisions\/61461"}],"wp:featuredmedia":[{"embeddable":true,"href":"https:\/\/www.actualidadadiario.com\/index.php\/wp-json\/wp\/v2\/media\/61460"}],"wp:attachment":[{"href":"https:\/\/www.actualidadadiario.com\/index.php\/wp-json\/wp\/v2\/media?parent=61459"}],"wp:term":[{"taxonomy":"category","embeddable":true,"href":"https:\/\/www.actualidadadiario.com\/index.php\/wp-json\/wp\/v2\/categories?post=61459"},{"taxonomy":"post_tag","embeddable":true,"href":"https:\/\/www.actualidadadiario.com\/index.php\/wp-json\/wp\/v2\/tags?post=61459"}],"curies":[{"name":"wp","href":"https:\/\/api.w.org\/{rel}","templated":true}]}}