{"id":61456,"date":"2020-05-18T14:14:05","date_gmt":"2020-05-18T17:14:05","guid":{"rendered":"https:\/\/www.actualidadadiario.com\/?p=61456"},"modified":"2020-05-18T14:14:05","modified_gmt":"2020-05-18T17:14:05","slug":"entre-rios-pretende-que-el-impuesto-a-la-riqueza-sea-coparticipado-a-las-provincias","status":"publish","type":"post","link":"https:\/\/www.actualidadadiario.com\/index.php\/2020\/05\/18\/entre-rios-pretende-que-el-impuesto-a-la-riqueza-sea-coparticipado-a-las-provincias\/","title":{"rendered":"Entre R\u00edos pretende que el impuesto a la riqueza sea coparticipado a las provincias"},"content":{"rendered":"<p style=\"text-align: center;\"><em><strong>El ministro de Econom\u00eda Hugo Ballay adelant\u00f3 que espera que el nuevo impuesto a las grandes fortunas que comenzar\u00e1 a debatirse en el Congreso de la Naci\u00f3n \u201csea coparticipado a las provincias\u201d para mejorar la situaci\u00f3n de las cajas provinciales. Adelant\u00f3 que se est\u00e1 trabajando en un escenario de reducci\u00f3n del 50% de los ingresos previstos para este a\u00f1o y en una posible reconfiguraci\u00f3n de la deuda en d\u00f3lares, sujeta a lo que ocurra a nivel nacional<\/strong><\/em><\/p>\n<p>&nbsp;<\/p>\n<p>&nbsp;<\/p>\n<p>Ballay, en declaraciones al programa \u201cSexto Sentido\u201d (FM Litoral) descart\u00f3 la posibilidad de que la provincia de Entre R\u00edos imponga tambi\u00e9n una tributaci\u00f3n directa a las grandes fortunas, como seguramente lo har\u00e1 la Naci\u00f3n a trav\u00e9s del proyecto de diputados oficialistas que ingresar\u00e1 al Congreso en los pr\u00f3ximos d\u00edas.<\/p>\n<p>\u201cProducto del \u00faltimo consenso fiscal nacional, las provincias estamos bastante limitadas en la posibilidad de modificar los tributos provinciales. Por el momento, m\u00e1s all\u00e1 de compartir el criterio de que los que m\u00e1s tienen m\u00e1s contribuyan, esperamos que si ese impuesto sale sea coparticipado a las provincias. Ser\u00eda una mejora de los recursos\u201d, consign\u00f3.<\/p>\n<p>Asimismo, puntualiz\u00f3 que en la Administraci\u00f3n provincial \u201cestamos trabajando en una reducci\u00f3n del 50% de los recursos de la provincia, tanto de coparticipaci\u00f3n nacional como de (recaudaci\u00f3n) provincial\u201d.<\/p>\n<p>\u201cLas finanzas de Entre R\u00edos van de la mano con las de la Naci\u00f3n y las del resto de las provincias. La situaci\u00f3n es distinta en cada una, fundamentalmente por el retorno a la actividad, algo directamente relacionado con la salud. Por eso, la decisi\u00f3n del Gobernador (Gustavo Bordet) de priorizar absolutamente lo sanitario frente a la ca\u00edda de la actividad, tuvo sus logros\u201d, rese\u00f1\u00f3.<\/p>\n<p>\u201cSab\u00edamos \u2013 abund\u00f3 \u2013 que\u00a0 abril ser\u00eda complejo, pero mayo mucho m\u00e1s porque la tributaci\u00f3n de impuestos obedece al nivel de actividad. Y desde el 20 de marzo en adelante muchas actividades no pudieron desarrollarse\u201d.<\/p>\n<p>El Ministro coment\u00f3 que es \u201cprobable\u201d que ante la situaci\u00f3n de constantes pr\u00f3rrogas y postergaciones de vencimientos tributarios, algunos actores econ\u00f3micos hayan especulado con eso. En torno a eso, se\u00f1al\u00f3 que si bien algunos rubros siguieron trabajando desde la implantaci\u00f3n de la cuarentena, las comercializadoras de segunda y tercera instancia se vieron resentidas afectando la cadena de pagos.<\/p>\n<p>\u201cMe pongo en el lugar de las empresas privadas y entiendo que est\u00e1n priorizando tener disponibilidades financieras para poder seguir trabajando, postergando el pago de tributos\u201d, consign\u00f3.<\/p>\n<p>Desde el inicio de la cuarentena \u201cel Gobernador prioriz\u00f3 la prestaci\u00f3n de dos servicios fundamentales: salud y alimentos, haciendo frente a gastos muy superiores a los previstos\u201d, acot\u00f3.<\/p>\n<p>\u201cCumplimos, gradualmente, con el pago de los salarios con una decisi\u00f3n acertada del Gobernador que es que en los cuatro o cinco primeros d\u00edas, como lo ven\u00edamos haciendo habitualmente, cobra el 90% de las personas empleadas o jubiladas de la provincia. Hoy, 18 de mayo, no hemos podido terminar el pago y el mes pasado lo terminamos el 22\u201d, apunt\u00f3.<\/p>\n<p>\u201cTodos los meses, la Provincia pone 8 mil millones de pesos en los bolsillos de los trabajadores y jubilados, de la obra social y de la Caja de Jubilaciones que en su gran mayor\u00eda van a consumo\u201d, precis\u00f3.<\/p>\n<p>Por \u00faltimo, manifest\u00f3 que la renegociaci\u00f3n de la deuda externa nacional \u201cimpactar\u00e1 en las provincias seg\u00fan el stock de deuda que tenga. En agosto tendremos vencimiento de intereses y estamos trabajando con un equipo de bancos, los mismos que nos asesoraron cuando emitimos el t\u00edtulo internacional, atentos a ver si el Gobierno nacional logra una mejora para intentar lo mismo con los tenedores de bonos provinciales\u201d.<\/p>\n","protected":false},"excerpt":{"rendered":"<p>El ministro de Econom\u00eda Hugo Ballay adelant\u00f3 que espera que el nuevo impuesto a las grandes fortunas que comenzar\u00e1 a debatirse en el Congreso de la Naci\u00f3n \u201csea coparticipado a las provincias\u201d para mejorar la situaci\u00f3n de las cajas provinciales. Adelant\u00f3 que se est\u00e1 trabajando en un escenario de reducci\u00f3n del 50% de los ingresos previstos para este a\u00f1o y en una posible reconfiguraci\u00f3n de la deuda en d\u00f3lares, sujeta a lo que ocurra a nivel nacional &nbsp; &nbsp; Ballay, en declaraciones al programa \u201cSexto Sentido\u201d (FM Litoral) descart\u00f3 la&#8230;<\/p>\n","protected":false},"author":3,"featured_media":61457,"comment_status":"closed","ping_status":"closed","sticky":false,"template":"","format":"standard","meta":[],"categories":[9,15],"tags":[],"_links":{"self":[{"href":"https:\/\/www.actualidadadiario.com\/index.php\/wp-json\/wp\/v2\/posts\/61456"}],"collection":[{"href":"https:\/\/www.actualidadadiario.com\/index.php\/wp-json\/wp\/v2\/posts"}],"about":[{"href":"https:\/\/www.actualidadadiario.com\/index.php\/wp-json\/wp\/v2\/types\/post"}],"author":[{"embeddable":true,"href":"https:\/\/www.actualidadadiario.com\/index.php\/wp-json\/wp\/v2\/users\/3"}],"replies":[{"embeddable":true,"href":"https:\/\/www.actualidadadiario.com\/index.php\/wp-json\/wp\/v2\/comments?post=61456"}],"version-history":[{"count":1,"href":"https:\/\/www.actualidadadiario.com\/index.php\/wp-json\/wp\/v2\/posts\/61456\/revisions"}],"predecessor-version":[{"id":61458,"href":"https:\/\/www.actualidadadiario.com\/index.php\/wp-json\/wp\/v2\/posts\/61456\/revisions\/61458"}],"wp:featuredmedia":[{"embeddable":true,"href":"https:\/\/www.actualidadadiario.com\/index.php\/wp-json\/wp\/v2\/media\/61457"}],"wp:attachment":[{"href":"https:\/\/www.actualidadadiario.com\/index.php\/wp-json\/wp\/v2\/media?parent=61456"}],"wp:term":[{"taxonomy":"category","embeddable":true,"href":"https:\/\/www.actualidadadiario.com\/index.php\/wp-json\/wp\/v2\/categories?post=61456"},{"taxonomy":"post_tag","embeddable":true,"href":"https:\/\/www.actualidadadiario.com\/index.php\/wp-json\/wp\/v2\/tags?post=61456"}],"curies":[{"name":"wp","href":"https:\/\/api.w.org\/{rel}","templated":true}]}}