{"id":61453,"date":"2020-05-18T14:13:15","date_gmt":"2020-05-18T17:13:15","guid":{"rendered":"https:\/\/www.actualidadadiario.com\/?p=61453"},"modified":"2020-05-18T14:13:15","modified_gmt":"2020-05-18T17:13:15","slug":"el-gobernador-pidio-a-los-entrerrianos-mayor-responsabilidad-en-esta-etapa-de-la-pandemia","status":"publish","type":"post","link":"https:\/\/www.actualidadadiario.com\/index.php\/2020\/05\/18\/el-gobernador-pidio-a-los-entrerrianos-mayor-responsabilidad-en-esta-etapa-de-la-pandemia\/","title":{"rendered":"El gobernador pidi\u00f3 a los entrerrianos mayor responsabilidad en esta etapa de la pandemia"},"content":{"rendered":"<p style=\"text-align: center;\"><em><strong>El gobernador difundi\u00f3 un video a trav\u00e9s de su cuenta de Instagram, en el que pidi\u00f3 mayor responsabilidad para la etapa que atraviesa la provincia y el pa\u00eds. Asegur\u00f3 que reforzar\u00e1n los controles en las fronteras<\/strong><\/em><\/p>\n<p>&nbsp;<\/p>\n<p>&nbsp;<\/p>\n<p>En un mensaje de video difundido en su cuenta de Instagram, el gobernador de la provincia, Gustavo Bordet, agradeci\u00f3 a los entrerrianos la predisposici\u00f3n y comportamiento ante las medidas dispuestas en el marco del aislamiento social, preventivo y obligatorio por la pandemia del coronavirus. Asimismo, indic\u00f3 que en esta cuarta etapa &#8220;se necesita de la responsabilidad de todos&#8221;.<\/p>\n<p>\u201cQuiero agradecer, especialmente a cada uno de los ciudadanos de la provincia de Entre R\u00edos. El hecho de estar hoy en esta situaci\u00f3n, claramente tiene que ver con el comportamiento c\u00edvico de los entrerrianos: redoblar y reforzar el esfuerzo\u201d, expres\u00f3.<\/p>\n<p>En ese marco, anunci\u00f3: \u201cPor nuestra parte, reforzaremos todo lo que son controles en nuestras zonas fronterizas, especialmente en el Puente Z\u00e1rate-Brazo Largo. Ah\u00ed est\u00e1, creo, la clave para evitar casos de contagios que puedan producirse en nuestra provincia por entradas de personas de zonas que tienen circulaci\u00f3n activa o tambi\u00e9n, como se ha dado en algunas situaciones, por salidas de personas y, nuevamente, al volver a ingresar a veces traen el contagio aqu\u00ed\u201d.<\/p>\n<p>\u201cNosotros vamos a estar velando y cuidando a cada uno de los ciudadanos de la provincia. Pero es fundamental que cada uno de nosotros nos cuidemos a nosotros mismos y a nuestras familias. Y esto es muy sencillo: hay que tomar medidas de distanciamiento, medidas de higiene y medidas de protecci\u00f3n, como uso de tapabocas o alg\u00fan otro elemento. Si hacemos esto, seguramente de manera m\u00e1s r\u00e1pida derrotaremos la pandemia\u201d, reproduce Ahora.<\/p>\n","protected":false},"excerpt":{"rendered":"<p>El gobernador difundi\u00f3 un video a trav\u00e9s de su cuenta de Instagram, en el que pidi\u00f3 mayor responsabilidad para la etapa que atraviesa la provincia y el pa\u00eds. Asegur\u00f3 que reforzar\u00e1n los controles en las fronteras &nbsp; &nbsp; En un mensaje de video difundido en su cuenta de Instagram, el gobernador de la provincia, Gustavo Bordet, agradeci\u00f3 a los entrerrianos la predisposici\u00f3n y comportamiento ante las medidas dispuestas en el marco del aislamiento social, preventivo y obligatorio por la pandemia del coronavirus. Asimismo, indic\u00f3 que en esta cuarta etapa &#8220;se&#8230;<\/p>\n","protected":false},"author":3,"featured_media":61454,"comment_status":"closed","ping_status":"closed","sticky":false,"template":"","format":"standard","meta":[],"categories":[9,15],"tags":[],"_links":{"self":[{"href":"https:\/\/www.actualidadadiario.com\/index.php\/wp-json\/wp\/v2\/posts\/61453"}],"collection":[{"href":"https:\/\/www.actualidadadiario.com\/index.php\/wp-json\/wp\/v2\/posts"}],"about":[{"href":"https:\/\/www.actualidadadiario.com\/index.php\/wp-json\/wp\/v2\/types\/post"}],"author":[{"embeddable":true,"href":"https:\/\/www.actualidadadiario.com\/index.php\/wp-json\/wp\/v2\/users\/3"}],"replies":[{"embeddable":true,"href":"https:\/\/www.actualidadadiario.com\/index.php\/wp-json\/wp\/v2\/comments?post=61453"}],"version-history":[{"count":1,"href":"https:\/\/www.actualidadadiario.com\/index.php\/wp-json\/wp\/v2\/posts\/61453\/revisions"}],"predecessor-version":[{"id":61455,"href":"https:\/\/www.actualidadadiario.com\/index.php\/wp-json\/wp\/v2\/posts\/61453\/revisions\/61455"}],"wp:featuredmedia":[{"embeddable":true,"href":"https:\/\/www.actualidadadiario.com\/index.php\/wp-json\/wp\/v2\/media\/61454"}],"wp:attachment":[{"href":"https:\/\/www.actualidadadiario.com\/index.php\/wp-json\/wp\/v2\/media?parent=61453"}],"wp:term":[{"taxonomy":"category","embeddable":true,"href":"https:\/\/www.actualidadadiario.com\/index.php\/wp-json\/wp\/v2\/categories?post=61453"},{"taxonomy":"post_tag","embeddable":true,"href":"https:\/\/www.actualidadadiario.com\/index.php\/wp-json\/wp\/v2\/tags?post=61453"}],"curies":[{"name":"wp","href":"https:\/\/api.w.org\/{rel}","templated":true}]}}