{"id":61450,"date":"2020-05-15T13:10:49","date_gmt":"2020-05-15T16:10:49","guid":{"rendered":"https:\/\/www.actualidadadiario.com\/?p=61450"},"modified":"2020-05-15T13:10:49","modified_gmt":"2020-05-15T16:10:49","slug":"se-cumplen-10-anos-del-acv-que-acallo-la-voz-de-gustavo-cerati","status":"publish","type":"post","link":"https:\/\/www.actualidadadiario.com\/index.php\/2020\/05\/15\/se-cumplen-10-anos-del-acv-que-acallo-la-voz-de-gustavo-cerati\/","title":{"rendered":"Se cumplen 10 a\u00f1os del ACV que acall\u00f3 la voz de Gustavo Cerati"},"content":{"rendered":"<p style=\"text-align: center;\"><em><strong>En la noche del 15 de mayo de 2010, quien fuera l\u00edder de Soda Stereo padeci\u00f3 primero una isquemia cerebral tras un concierto en Caracas. El recuerdo de quien impuls\u00f3 -a partir de los 80- una movida musical y est\u00e9tica que estall\u00f3 a nivel local y repercuti\u00f3 en el mundo<\/strong><\/em><\/p>\n<p>&nbsp;<\/p>\n<p>&nbsp;<\/p>\n<p>Hoy se cumple una d\u00e9cada del accidente cerebro vascular (ACV) que el artista rockero Gustavo Cerati curs\u00f3 en Caracas tras ofrecer el \u00faltimo recital de la gira &#8220;Fuerza natural&#8221; y que lo llev\u00f3 silenciosamente hasta su muerte del 4 de septiembre de 2014.<\/p>\n<p>En la noche del 15 de mayo de 2010 quien fuera l\u00edder de Soda Stereo padeci\u00f3 primero una isquemia cerebral tras el concierto en el auditorio de la Universidad Sim\u00f3n Bol\u00edvar y ya internado en el Centro M\u00e9dico Docente La Trinidad sufri\u00f3 el ACV que lo dej\u00f3 en coma hasta su deceso.<\/p>\n<p>Luego de permanecer internado durante un par de semanas en Venezuela, el m\u00fasico, compositor y cantante nacido el 11 de agosto de 1959 fue trasladado en avi\u00f3n hasta Buenos Aires donde estudios determinaron que hab\u00eda sufrido un extenso da\u00f1o cerebral.<\/p>\n<p>Cerati impuls\u00f3 -a partir de los 80- una movida musical y est\u00e9tica que estall\u00f3 a nivel local y tambi\u00e9n alcanz\u00f3 una imponente repercusi\u00f3n internacional.<\/p>\n<p>Cerati integra junto con Fito P\u00e1ez y Andr\u00e9s Calamaro, el tr\u00edo m\u00e1s destacado de la generaci\u00f3n del &#8217;80 que renov\u00f3 al rock argentino y a los que habr\u00eda que agregar a Luca Prodan y a Federico Moura.<\/p>\n<p>Refinado como guitarrista, autor y cantante, dot\u00f3 de impronta propia a la rica tradici\u00f3n rockera argentina y logr\u00f3 tender un fecundo puente entre esa historia y los o\u00eddos atentos a las nuevas movidas globales.<\/p>\n<p>Junto a su compa\u00f1ero en la Universidad del Salvador Zeta Bosio y luego sumando al baterista Charly Alberti, se fue gestando Soda Stereo, un terceto nacido como heredero directo de la new wave que entonces cultivaban The Police y Television.<\/p>\n<p>La permitida &#8220;alegr\u00eda bailable&#8221; que acompa\u00f1\u00f3 el fin de la dictadura fue un \u00e1mbito ideal para consagrar a \u00e1lbumes como &#8220;Soda Stereo&#8221; (1984) y &#8220;Nada personal&#8221; (1985), donde descollaron la iron\u00eda y la voz de Gustavo.<\/p>\n<p>Hacia 1986 y antes de la edici\u00f3n del magn\u00edfico &#8220;Signos&#8221;, el terceto inici\u00f3 un periplo latinoamericano que un a\u00f1o despu\u00e9s alcanz\u00f3 una estatura notable con 22 presentaciones en 17 ciudades de siete pa\u00edses, donde fue aplaudido por unos 200.000 espectadores.<\/p>\n<p>Con esa gira plasmada en el disco &#8220;Ruido Blanco&#8221;, el tr\u00edo forj\u00f3 la &#8220;sodaman\u00eda&#8221; que atraves\u00f3 a la regi\u00f3n y donde la influencia de la banda perdura hasta nuestros d\u00edas.<\/p>\n<p>&#8220;Doble Vida&#8221; (1988), que produjo Carlos Alomar y &#8220;Canci\u00f3n animal&#8221; (1990) fueron dos pelda\u00f1os m\u00e1s de una escalera que el 14 de diciembre de 1991 convoc\u00f3 a 250.000 personas en la 9 de Julio y que en 1992 desemboc\u00f3 en &#8220;Dynamo&#8221;.<\/p>\n<p>Ese a\u00f1o tambi\u00e9n concret\u00f3 su primera aventura fuera de Soda Stereo, junto a Daniel Melero para el tecno pop &#8220;Colores santos&#8221;, se cas\u00f3 con la modelo y dj chilena Cecilia Am\u00e9nabar (con quien tuvo a Lisa y Benito) y juntos, adem\u00e1s, grabaron &#8220;Amor amarillo&#8221;.<\/p>\n<p>Despu\u00e9s de un tiempo separados, los Soda volvieron a reunirse para grabar &#8220;Sue\u00f1o Stereo&#8221;, que mostraba los diferentes estilos que cultivaban sus tres miembros, gir\u00f3 y registr\u00f3 &#8220;Comfort y m\u00fasica para volar&#8221; (grabado para MTV) y se separ\u00f3 tras una imponente serie de shows en el estadio de River donde inmortaliz\u00f3 su devoluci\u00f3n de gentileza a los fans con la frase &#8220;gracias totales&#8221;.<\/p>\n<p>En solitario public\u00f3 &#8220;Bocanada&#8221; (1999), la banda de sonido de la pel\u00edcula &#8220;+ Bien&#8221; (2001), los &#8220;11 episodios sinf\u00f3nicos&#8221; con que lleg\u00f3 hasta el Teatro Col\u00f3n y &#8220;Ah\u00ed vamos&#8221; (2006) con el que debut\u00f3 en Londres.<\/p>\n<p>Accedi\u00f3 a resucitar a Soda Stereo a una d\u00e9cada de la separaci\u00f3n que colm\u00f3 cinco veces el Monumental con presentaciones luego volcadas en los \u00e1lbumes &#8220;Me ver\u00e1s volver&#8221; y retom\u00f3 su camino con &#8220;Fuerza natural&#8221; (2009), su obra p\u00f3stuma.<\/p>\n","protected":false},"excerpt":{"rendered":"<p>En la noche del 15 de mayo de 2010, quien fuera l\u00edder de Soda Stereo padeci\u00f3 primero una isquemia cerebral tras un concierto en Caracas. El recuerdo de quien impuls\u00f3 -a partir de los 80- una movida musical y est\u00e9tica que estall\u00f3 a nivel local y repercuti\u00f3 en el mundo &nbsp; &nbsp; Hoy se cumple una d\u00e9cada del accidente cerebro vascular (ACV) que el artista rockero Gustavo Cerati curs\u00f3 en Caracas tras ofrecer el \u00faltimo recital de la gira &#8220;Fuerza natural&#8221; y que lo llev\u00f3 silenciosamente hasta su muerte del&#8230;<\/p>\n","protected":false},"author":3,"featured_media":61451,"comment_status":"closed","ping_status":"closed","sticky":false,"template":"","format":"standard","meta":[],"categories":[4],"tags":[],"_links":{"self":[{"href":"https:\/\/www.actualidadadiario.com\/index.php\/wp-json\/wp\/v2\/posts\/61450"}],"collection":[{"href":"https:\/\/www.actualidadadiario.com\/index.php\/wp-json\/wp\/v2\/posts"}],"about":[{"href":"https:\/\/www.actualidadadiario.com\/index.php\/wp-json\/wp\/v2\/types\/post"}],"author":[{"embeddable":true,"href":"https:\/\/www.actualidadadiario.com\/index.php\/wp-json\/wp\/v2\/users\/3"}],"replies":[{"embeddable":true,"href":"https:\/\/www.actualidadadiario.com\/index.php\/wp-json\/wp\/v2\/comments?post=61450"}],"version-history":[{"count":1,"href":"https:\/\/www.actualidadadiario.com\/index.php\/wp-json\/wp\/v2\/posts\/61450\/revisions"}],"predecessor-version":[{"id":61452,"href":"https:\/\/www.actualidadadiario.com\/index.php\/wp-json\/wp\/v2\/posts\/61450\/revisions\/61452"}],"wp:featuredmedia":[{"embeddable":true,"href":"https:\/\/www.actualidadadiario.com\/index.php\/wp-json\/wp\/v2\/media\/61451"}],"wp:attachment":[{"href":"https:\/\/www.actualidadadiario.com\/index.php\/wp-json\/wp\/v2\/media?parent=61450"}],"wp:term":[{"taxonomy":"category","embeddable":true,"href":"https:\/\/www.actualidadadiario.com\/index.php\/wp-json\/wp\/v2\/categories?post=61450"},{"taxonomy":"post_tag","embeddable":true,"href":"https:\/\/www.actualidadadiario.com\/index.php\/wp-json\/wp\/v2\/tags?post=61450"}],"curies":[{"name":"wp","href":"https:\/\/api.w.org\/{rel}","templated":true}]}}