{"id":61447,"date":"2020-05-15T13:10:08","date_gmt":"2020-05-15T16:10:08","guid":{"rendered":"https:\/\/www.actualidadadiario.com\/?p=61447"},"modified":"2020-05-15T13:10:08","modified_gmt":"2020-05-15T16:10:08","slug":"el-represor-sanchez-llego-extraditado-a-la-argentina-y-debera-responder-por-delitos-de-lesa-humanidad","status":"publish","type":"post","link":"https:\/\/www.actualidadadiario.com\/index.php\/2020\/05\/15\/el-represor-sanchez-llego-extraditado-a-la-argentina-y-debera-responder-por-delitos-de-lesa-humanidad\/","title":{"rendered":"El represor S\u00e1nchez lleg\u00f3 extraditado a la Argentina y deber\u00e1 responder por delitos de lesa humanidad"},"content":{"rendered":"<p style=\"text-align: center;\"><em><strong>Gonzalo \u201cChispa\u201d S\u00e1nchez, acusado de cometer cr\u00edmenes de lesa humanidad durante la \u00faltima dictadura c\u00edvico militar, arrib\u00f3 a las 20.36 al aeropuerto internacional de Ezeiza, extraditado desde Brasil, y ser\u00e1 trasladado a la Superintendencia de Investigaciones Federales<\/strong><\/em><\/p>\n<p>&nbsp;<\/p>\n<p>&nbsp;<\/p>\n<p>El represor y ex prefecto Gonzalo &#8220;Chispa&#8221; S\u00e1nchez lleg\u00f3 hoy a Buenos Aires extraditado desde Brasil y deber\u00e1 responder ante la justicia argentina, que lo acusa de haber participado de los grupos de tareas de la ESMA durante la dictadura c\u00edvico militar y de ser uno de los secuestradores del periodista Rodolfo Walsh.<\/p>\n<p>S\u00e1nchez arrib\u00f3 esta tarde al aeropuerto internacional de Ezeiza en un avi\u00f3n de la Polic\u00eda Federal Argentina que lo traslad\u00f3 desde la ciudad de Foz de Iguaz\u00fa, en Misiones, donde culmin\u00f3 el operativo de extradici\u00f3n, que fue supervisado &#8220;minuto a minuto&#8221; por el canciller Felipe Sol\u00e1, seg\u00fan precisaron fuentes del Palacio San Mart\u00edn.<\/p>\n<p>La Canciller\u00eda argentina trabaj\u00f3 en coordinaci\u00f3n permanente con el Ministerio de Seguridad de la Naci\u00f3n para el traslado del represor al pa\u00eds y con el Ministerio del Interior a trav\u00e9s de la Direcci\u00f3n Nacional de Migraciones.<\/p>\n<p>Custodiado por personal de Interpol, el acusado fue trasladado a la Superintendencia de Investigaciones Federales, en la calle Madariaga, en el barrio porte\u00f1o de Villa Lugano, donde quedar\u00e1 detenido en forma provisoria y a disposici\u00f3n de la justicia argentina.<\/p>\n<p>Seg\u00fan se\u00f1alaron fuentes judiciales, S\u00e1nchez permanecer\u00e1 en la Superintendencia de Investigaciones Federales al menos 14 d\u00edas para cumplir la cuarentena obligatoria dispuesta para cualquier persona proveniente del extranjero, antes de cualquier traslado.<\/p>\n<p>El operativo estuvo a cargo de la Divisi\u00f3n Investigaci\u00f3n Federal de Fugitivos y Extradiciones, departamento Interpol, de la Polic\u00eda Federal en conjunto con la Polic\u00eda de Seguridad Aeroportuaria.<\/p>\n<p>El represor, de 69 a\u00f1os, quedar\u00e1 ahora a disposici\u00f3n del juez federal Rodolfo Canicoba Corral, quien subroga el juzgado federal 12 en el que est\u00e1 radicada la megacausa ESMA, y deber\u00e1 responder por 900 hechos, seg\u00fan indicaron fuentes judiciales.<\/p>\n<p>La indagatoria, que ser\u00e1 en los pr\u00f3ximos d\u00edas, a\u00fan no tiene fecha porque en el Poder Judicial evaluaban por estas horas de qu\u00e9 manera proceder ante las limitaciones que las medidas sanitarias para evitar la propagaci\u00f3n del coronavirus les imprimen a los procesos judiciales.<\/p>\n<p>Ex miembro del Grupo de tareas 3.3.2 de la ESMA, el ex prefecto y represor Gonzalo &#8220;Chispa&#8221; S\u00e1nchez est\u00e1 acusado de cr\u00edmenes de lesa humanidad y de haber participado en el operativo que el 25 de marzo de 1977 secuestr\u00f3 en el barrio San Crist\u00f3bal, en la Ciudad de Buenos Aires, al periodista y autor de cl\u00e1sicos como &#8220;Operaci\u00f3n Masacre&#8221;, Rodolfo Walsh.<\/p>\n<p>El represor hab\u00eda partido ayer desde la base a\u00e9rea del aeropuerto Antonio Carlos Jobim de R\u00edo de Janeiro en un avi\u00f3n de la Polic\u00eda Federal de Brasil, que lo llev\u00f3 hasta el aeropuerto internacional de Foz de Iguaz\u00fa, en el estado sure\u00f1o de Paran\u00e1, donde pas\u00f3 la noche custodiado en una celda y, pasado el mediod\u00eda, fue trasladado por el paso fronterizo de Puerto Iguaz\u00fa, donde las fuerzas brasileras lo entregaron con un reporte m\u00e9dico y su correspondiente test de Covid-19.<\/p>\n<p>El operativo fue ejecutado luego de que el Palacio de Itamaraty, sede de la Canciller\u00eda brasile\u00f1a fue informado de la detenci\u00f3n del represor en Paraty, R\u00edo de Janeiro, el lunes pasado, seg\u00fan detall\u00f3 a esta agencia una fuente diplom\u00e1tica brasile\u00f1a.<\/p>\n<p>Dado que la extradici\u00f3n hab\u00eda sido aprobada en 2017, no hubo m\u00e1s tr\u00e1mites que la ejecuci\u00f3n de la medida, explic\u00f3.<\/p>\n<p>El ex marino fue detenido en la tarde del pasado lunes por la Polic\u00eda Federal brasile\u00f1a en la ciudad de Paraty, en el sur del estado de R\u00edo de Janeiro, por una orden de captura del Supremo Tribunal Federal de Brasil para extraditarlo a la Argentina.<\/p>\n<p>El represor fue detenido por orden del juez Luiz Fux, del Supremo Tribunal Federal que tramit\u00f3 la extradici\u00f3n y que fue concedida el martes \u00faltimo por Brasil para dar inicio a las gestiones para que sea trasladado a la Argentina.<\/p>\n<p>&#8220;El pedido de prisi\u00f3n preventiva para extradici\u00f3n fue formulado por la representaci\u00f3n nacional de Interpol, con base en informaciones de las Alertas Rojas incluidas all\u00ed por las autoridades argentinas&#8221;, seg\u00fan indic\u00f3 en un comunicado la Polic\u00eda Federal de Brasil.<\/p>\n<p>Este constituye el primer caso de extradici\u00f3n sobre asuntos de derechos humanos del gobierno del presidente Jair Bolsonaro, quien reivindica a la dictadura militar brasile\u00f1a y recientemente elogi\u00f3 a los ex dictadores Alfredo Stroessner, de Paraguay, y Augusto Pinochet, de Chile.<\/p>\n<p>De acuerdo con lo que se desprende de la causa judicial, S\u00e1nchez integr\u00f3 el grupo operativo que embosc\u00f3 a Walsh en 25 de marzo de 1977 en el barrio de San Crist\u00f3bal, donde el autor de &#8220;Operaci\u00f3n Masacre&#8221; e integrante de la organizaci\u00f3n Montoneros cay\u00f3 asesinado tras resistir con una pistola calibre 22 con la que hiri\u00f3 a uno de sus atacantes.<\/p>\n<p>El cuerpo del escritor fue trasladado a la ESMA, lugar en el cual se presume que se lo inciner\u00f3 en terrenos adyacentes al R\u00edo de La Plata<\/p>\n<p>&#8220;Chispa&#8221; fue mencionado en las denuncias que formularon los sobrevivientes de ESMA en el exterior, ante la Conadep y en el Juicio a las Juntas, pero la sanci\u00f3n de las leyes de Obediencia Debida y Punto Final evit\u00f3 que enfrentara la acci\u00f3n de la Justicia en los primeros a\u00f1os de la recuperaci\u00f3n democr\u00e1tica.<\/p>\n<p>Vinculado a empresas pesqueras durante los a\u00f1os &#8217;90, recal\u00f3 a fines de esa d\u00e9cada en la ciudad rionegrina de San Antonio Oeste, donde se jact\u00f3 de su pasado represivo y recibi\u00f3 una declaraci\u00f3n de persona no grata por parte del Concejo Deliberante de esa ciudad.<\/p>\n<p>A principios de los 2000, se profug\u00f3 a Brasil, pa\u00eds en el cual eludi\u00f3 una orden de captura cursada por el juez federal Sergio Torres, a cargo de la instrucci\u00f3n de la megacausa ESMA.<\/p>\n<p>S\u00e1nchez hab\u00eda sido detenido en 2013 en la ciudad de Angra dos Reis, tambi\u00e9n en el litoral sur de R\u00edo de Janeiro, para extradici\u00f3n, pero en 2016 obtuvo la prisi\u00f3n domiciliaria, de la que se escap\u00f3.<\/p>\n<p>El represor se hab\u00eda radicado en Brasil para trabajar en la industria naval en el litoral de R\u00edo de Janeiro, pero un nuevo pedido de captura lleg\u00f3 en 2019 y el Supremo Tribunal Federal autoriz\u00f3 la extradici\u00f3n hacia Argentina.<\/p>\n","protected":false},"excerpt":{"rendered":"<p>Gonzalo \u201cChispa\u201d S\u00e1nchez, acusado de cometer cr\u00edmenes de lesa humanidad durante la \u00faltima dictadura c\u00edvico militar, arrib\u00f3 a las 20.36 al aeropuerto internacional de Ezeiza, extraditado desde Brasil, y ser\u00e1 trasladado a la Superintendencia de Investigaciones Federales &nbsp; &nbsp; El represor y ex prefecto Gonzalo &#8220;Chispa&#8221; S\u00e1nchez lleg\u00f3 hoy a Buenos Aires extraditado desde Brasil y deber\u00e1 responder ante la justicia argentina, que lo acusa de haber participado de los grupos de tareas de la ESMA durante la dictadura c\u00edvico militar y de ser uno de los secuestradores del periodista&#8230;<\/p>\n","protected":false},"author":3,"featured_media":61448,"comment_status":"closed","ping_status":"closed","sticky":false,"template":"","format":"standard","meta":[],"categories":[4],"tags":[],"_links":{"self":[{"href":"https:\/\/www.actualidadadiario.com\/index.php\/wp-json\/wp\/v2\/posts\/61447"}],"collection":[{"href":"https:\/\/www.actualidadadiario.com\/index.php\/wp-json\/wp\/v2\/posts"}],"about":[{"href":"https:\/\/www.actualidadadiario.com\/index.php\/wp-json\/wp\/v2\/types\/post"}],"author":[{"embeddable":true,"href":"https:\/\/www.actualidadadiario.com\/index.php\/wp-json\/wp\/v2\/users\/3"}],"replies":[{"embeddable":true,"href":"https:\/\/www.actualidadadiario.com\/index.php\/wp-json\/wp\/v2\/comments?post=61447"}],"version-history":[{"count":1,"href":"https:\/\/www.actualidadadiario.com\/index.php\/wp-json\/wp\/v2\/posts\/61447\/revisions"}],"predecessor-version":[{"id":61449,"href":"https:\/\/www.actualidadadiario.com\/index.php\/wp-json\/wp\/v2\/posts\/61447\/revisions\/61449"}],"wp:featuredmedia":[{"embeddable":true,"href":"https:\/\/www.actualidadadiario.com\/index.php\/wp-json\/wp\/v2\/media\/61448"}],"wp:attachment":[{"href":"https:\/\/www.actualidadadiario.com\/index.php\/wp-json\/wp\/v2\/media?parent=61447"}],"wp:term":[{"taxonomy":"category","embeddable":true,"href":"https:\/\/www.actualidadadiario.com\/index.php\/wp-json\/wp\/v2\/categories?post=61447"},{"taxonomy":"post_tag","embeddable":true,"href":"https:\/\/www.actualidadadiario.com\/index.php\/wp-json\/wp\/v2\/tags?post=61447"}],"curies":[{"name":"wp","href":"https:\/\/api.w.org\/{rel}","templated":true}]}}