{"id":61438,"date":"2020-05-15T13:07:54","date_gmt":"2020-05-15T16:07:54","guid":{"rendered":"https:\/\/www.actualidadadiario.com\/?p=61438"},"modified":"2020-05-15T13:07:54","modified_gmt":"2020-05-15T16:07:54","slug":"eslovenia-primer-pais-europeo-que-declara-el-fin-de-su-epidemia-de-coronavirus","status":"publish","type":"post","link":"https:\/\/www.actualidadadiario.com\/index.php\/2020\/05\/15\/eslovenia-primer-pais-europeo-que-declara-el-fin-de-su-epidemia-de-coronavirus\/","title":{"rendered":"Eslovenia, primer pa\u00eds europeo que declara el fin de su epidemia de coronavirus"},"content":{"rendered":"<p style=\"text-align: center;\"><em><strong>La peque\u00f1a rep\u00fablica balc\u00e1nica detect\u00f3 a principios de marzo el primer caso de Covid-19, que ha causado 103 fallecidos entre 1.464 casos<\/strong><\/em><\/p>\n<p>&nbsp;<\/p>\n<p>&nbsp;<\/p>\n<p>Eslovenia se convirti\u00f3 hoy en el primer pa\u00eds europeo en proclamar el fin de su epidemia de coronavirus y abrir sus fronteras a ciudadanos de la Uni\u00f3n Europea (UE).<\/p>\n<p>&#8220;Eslovenia tiene hoy el mejor cuadro epidemiol\u00f3gico de Europa, lo que hace posible poner fin a la epidemia&#8221;, asegur\u00f3 el primer ministro conservador Janez Jansa, citado por la agencia de noticias eslovena STA.<\/p>\n<p>La peque\u00f1a rep\u00fablica balc\u00e1nica de 2 millones de habitantes -fronteriza con Italia, Austria, Hungr\u00eda y Croacia- detect\u00f3 a principios de marzo el primer caso de Covid-19, que ha causado 103 fallecidos entre 1.464 casos.<\/p>\n<p>El Ministerio de Salud inform\u00f3 que en los \u00faltimos 14 d\u00edas hubo solo 35 nuevos contagiados.<\/p>\n<p>Hasta ahora, los ciudadanos de la UE estaban obligados a pasar una cuarentena, una medida que se sigue exigiendo a ciudadanos provenientes de fuera del bloque comunitario.<\/p>\n<p>&#8220;A las personas que entran en el pa\u00eds y tienen residencia permanente o temporal en Eslovenia o en alg\u00fan otro pa\u00eds de la UE, y no estuvieron fuera del espacio de la UE m\u00e1s de 14 d\u00edas, solo se les dar\u00e1 en la frontera advertencias sobre las medidas epidemiol\u00f3gicas contra la propagaci\u00f3n del coronavirus&#8221;, inform\u00f3 el gobierno.<\/p>\n<p>Se denegar\u00e1 la entrada a aquellos ciudadanos del bloque comunitario con claros s\u00edntomas o que se declaren ellos mismo enfermos de Covid-19.<\/p>\n<p>El fin de las medidas legislativas excepcionales por la epidemia no impide que se sigan aplicando medidas de prevenci\u00f3n, como mantener la distancia de seguridad y llevar mascarilla en espacios cerrados, debido al riesgo de rebrote.<\/p>\n<p>El primer caso de coronavirus en Eslovenia se registr\u00f3 el 4 de marzo, por una persona que regresaba de Italia, y la epidemia nacional se proclam\u00f3 el 12 de marzo.<\/p>\n","protected":false},"excerpt":{"rendered":"<p>La peque\u00f1a rep\u00fablica balc\u00e1nica detect\u00f3 a principios de marzo el primer caso de Covid-19, que ha causado 103 fallecidos entre 1.464 casos &nbsp; &nbsp; Eslovenia se convirti\u00f3 hoy en el primer pa\u00eds europeo en proclamar el fin de su epidemia de coronavirus y abrir sus fronteras a ciudadanos de la Uni\u00f3n Europea (UE). &#8220;Eslovenia tiene hoy el mejor cuadro epidemiol\u00f3gico de Europa, lo que hace posible poner fin a la epidemia&#8221;, asegur\u00f3 el primer ministro conservador Janez Jansa, citado por la agencia de noticias eslovena STA. La peque\u00f1a rep\u00fablica balc\u00e1nica&#8230;<\/p>\n","protected":false},"author":3,"featured_media":61439,"comment_status":"closed","ping_status":"closed","sticky":false,"template":"","format":"standard","meta":[],"categories":[4],"tags":[],"_links":{"self":[{"href":"https:\/\/www.actualidadadiario.com\/index.php\/wp-json\/wp\/v2\/posts\/61438"}],"collection":[{"href":"https:\/\/www.actualidadadiario.com\/index.php\/wp-json\/wp\/v2\/posts"}],"about":[{"href":"https:\/\/www.actualidadadiario.com\/index.php\/wp-json\/wp\/v2\/types\/post"}],"author":[{"embeddable":true,"href":"https:\/\/www.actualidadadiario.com\/index.php\/wp-json\/wp\/v2\/users\/3"}],"replies":[{"embeddable":true,"href":"https:\/\/www.actualidadadiario.com\/index.php\/wp-json\/wp\/v2\/comments?post=61438"}],"version-history":[{"count":1,"href":"https:\/\/www.actualidadadiario.com\/index.php\/wp-json\/wp\/v2\/posts\/61438\/revisions"}],"predecessor-version":[{"id":61440,"href":"https:\/\/www.actualidadadiario.com\/index.php\/wp-json\/wp\/v2\/posts\/61438\/revisions\/61440"}],"wp:featuredmedia":[{"embeddable":true,"href":"https:\/\/www.actualidadadiario.com\/index.php\/wp-json\/wp\/v2\/media\/61439"}],"wp:attachment":[{"href":"https:\/\/www.actualidadadiario.com\/index.php\/wp-json\/wp\/v2\/media?parent=61438"}],"wp:term":[{"taxonomy":"category","embeddable":true,"href":"https:\/\/www.actualidadadiario.com\/index.php\/wp-json\/wp\/v2\/categories?post=61438"},{"taxonomy":"post_tag","embeddable":true,"href":"https:\/\/www.actualidadadiario.com\/index.php\/wp-json\/wp\/v2\/tags?post=61438"}],"curies":[{"name":"wp","href":"https:\/\/api.w.org\/{rel}","templated":true}]}}