{"id":61431,"date":"2020-05-15T13:04:21","date_gmt":"2020-05-15T16:04:21","guid":{"rendered":"https:\/\/www.actualidadadiario.com\/?p=61431"},"modified":"2020-05-15T13:04:21","modified_gmt":"2020-05-15T16:04:21","slug":"daniel-arroyo-senalo-que-podrian-aumentar-el-monto-de-la-tarjeta-alimentar","status":"publish","type":"post","link":"https:\/\/www.actualidadadiario.com\/index.php\/2020\/05\/15\/daniel-arroyo-senalo-que-podrian-aumentar-el-monto-de-la-tarjeta-alimentar\/","title":{"rendered":"Daniel Arroyo se\u00f1al\u00f3 que podr\u00edan aumentar el monto de la Tarjeta Alimentar"},"content":{"rendered":"<p style=\"text-align: center;\"><em><strong>Daniel Arroyo, anunci\u00f3 que el gobierno nacional est\u00e1 analizando elevar el monto de la Tarjeta Alimentar para los sectores m\u00e1s humildes. En relaci\u00f3n admiti\u00f3 que en los barrios populares hubo una suba de los productos de la canasta b\u00e1sica superior a la que se produjo en el resto del pa\u00eds. Es por eso, que eval\u00faan llevar a cabo un alza del subsidio<\/strong><\/em><\/p>\n<p>&nbsp;<\/p>\n<p>En declaraciones radiales, el funcionario precis\u00f3 que el precio de los alimentos se encuentra por encima del \u00edndice de la inflaci\u00f3n y en los lugares m\u00e1s humildes es donde tuvo lugar el mayor acrecentamiento. En ese sentido, reconoci\u00f3 que la crisis, ocasionada por el coronavirus, gener\u00f3 un aumento en el nivel de pobreza. Sin embargo indic\u00f3 que es \u201cmuy dif\u00edcil\u201d contar con datos precisos que reflejen con exactitud dicho incremento.<\/p>\n<p>El miembro del gobierno nacional afirm\u00f3 que la situaci\u00f3n que se da hoy en las zonas m\u00e1s carenciadas se caracteriza por dos cuestiones: un acrecentamiento de las dificultades econ\u00f3micas, pero tambi\u00e9n son cada vez m\u00e1s las personas que buscan brindar su ayuda de distintas formas, por ejemplo, a trav\u00e9s de donaciones. Es por eso, que volvi\u00f3 a hacer hincapi\u00e9 en que en su cartera se trata \u201cpermanentemente\u201d la posibilidad de alzar el monto de la Tarjeta Alimentar. Para concluir, asever\u00f3 que todas las semanas desarrollan un an\u00e1lisis de la situaci\u00f3n de los lugares m\u00e1s vulnerables.<\/p>\n<p>&nbsp;<\/p>\n<p><strong>Tarjeta Alimentar: \u00bfDe qu\u00e9 se trata?<\/strong><\/p>\n<p>La Tarjeta Alimentar es un subsidio que forma parte del plan conocido como \u201cArgentina contra el Hambre\u201d, el cual fue impulsado por el gobierno de Alberto Fern\u00e1ndez. Consiste en una tarjeta que permite comprar alimentos con excepci\u00f3n de bebidas alcoh\u00f3licas. El monto es cargado de manera autom\u00e1tica y la persona no precisa hacer ning\u00fan tr\u00e1mite para obtenerla.<\/p>\n<p>El Ministerio de Desarrollo Social cuenta con una base de datos, los cuales se encuentran cruzados con la informaci\u00f3n de la ANSES y de esta manera, las autoridades ya saben qui\u00e9nes cuentan con los requisitos para acceder al beneficio. La asistencia est\u00e1 destinada a dos grupos: madres que cobren la Asignaci\u00f3n Universal por Hijo y tengan un ni\u00f1o de menos de seis a\u00f1os y las embarazadas a partir de los tres meses.<\/p>\n","protected":false},"excerpt":{"rendered":"<p>Daniel Arroyo, anunci\u00f3 que el gobierno nacional est\u00e1 analizando elevar el monto de la Tarjeta Alimentar para los sectores m\u00e1s humildes. En relaci\u00f3n admiti\u00f3 que en los barrios populares hubo una suba de los productos de la canasta b\u00e1sica superior a la que se produjo en el resto del pa\u00eds. Es por eso, que eval\u00faan llevar a cabo un alza del subsidio &nbsp; En declaraciones radiales, el funcionario precis\u00f3 que el precio de los alimentos se encuentra por encima del \u00edndice de la inflaci\u00f3n y en los lugares m\u00e1s humildes&#8230;<\/p>\n","protected":false},"author":3,"featured_media":60638,"comment_status":"closed","ping_status":"closed","sticky":false,"template":"","format":"standard","meta":[],"categories":[18],"tags":[],"_links":{"self":[{"href":"https:\/\/www.actualidadadiario.com\/index.php\/wp-json\/wp\/v2\/posts\/61431"}],"collection":[{"href":"https:\/\/www.actualidadadiario.com\/index.php\/wp-json\/wp\/v2\/posts"}],"about":[{"href":"https:\/\/www.actualidadadiario.com\/index.php\/wp-json\/wp\/v2\/types\/post"}],"author":[{"embeddable":true,"href":"https:\/\/www.actualidadadiario.com\/index.php\/wp-json\/wp\/v2\/users\/3"}],"replies":[{"embeddable":true,"href":"https:\/\/www.actualidadadiario.com\/index.php\/wp-json\/wp\/v2\/comments?post=61431"}],"version-history":[{"count":1,"href":"https:\/\/www.actualidadadiario.com\/index.php\/wp-json\/wp\/v2\/posts\/61431\/revisions"}],"predecessor-version":[{"id":61432,"href":"https:\/\/www.actualidadadiario.com\/index.php\/wp-json\/wp\/v2\/posts\/61431\/revisions\/61432"}],"wp:featuredmedia":[{"embeddable":true,"href":"https:\/\/www.actualidadadiario.com\/index.php\/wp-json\/wp\/v2\/media\/60638"}],"wp:attachment":[{"href":"https:\/\/www.actualidadadiario.com\/index.php\/wp-json\/wp\/v2\/media?parent=61431"}],"wp:term":[{"taxonomy":"category","embeddable":true,"href":"https:\/\/www.actualidadadiario.com\/index.php\/wp-json\/wp\/v2\/categories?post=61431"},{"taxonomy":"post_tag","embeddable":true,"href":"https:\/\/www.actualidadadiario.com\/index.php\/wp-json\/wp\/v2\/tags?post=61431"}],"curies":[{"name":"wp","href":"https:\/\/api.w.org\/{rel}","templated":true}]}}