{"id":61428,"date":"2020-05-15T13:03:41","date_gmt":"2020-05-15T16:03:41","guid":{"rendered":"https:\/\/www.actualidadadiario.com\/?p=61428"},"modified":"2020-05-15T13:03:41","modified_gmt":"2020-05-15T16:03:41","slug":"nicolas-trotta-hay-que-recuperar-el-plan-conectar-igualdad","status":"publish","type":"post","link":"https:\/\/www.actualidadadiario.com\/index.php\/2020\/05\/15\/nicolas-trotta-hay-que-recuperar-el-plan-conectar-igualdad\/","title":{"rendered":"Nicol\u00e1s Trotta: &#8220;Hay que recuperar el plan Conectar Igualdad&#8221;"},"content":{"rendered":"<p style=\"text-align: center;\"><em><strong>El titular de la cartera de Educaci\u00f3n remarc\u00f3 la importancia de garantizar la conectividad para todos los alumnos<\/strong><\/em><\/p>\n<p>&nbsp;<\/p>\n<p>En la noche del jueves, el ministro de Educaci\u00f3n de la Naci\u00f3n, Nicol\u00e1s Trotta, mantuvo un di\u00e1logo virtual con Intratables. Durante la transmisi\u00f3n del programa que conduce Fabi\u00e1n Doman, el funcionario del Frente de Todos se refiri\u00f3 a la continuidad de las clases. En medio de la pandemia de coronavirus, el Gobierno decidi\u00f3 suspender la asistencia a las escuelas e implementar un sistema virtual de clases. De esta forma, se evita la aglomeraci\u00f3n de ni\u00f1os en escuelas y jardines.<\/p>\n<p>En primer lugar, el ministro realiz\u00f3 un panorama sobre la educaci\u00f3n y la crisis sanitaria que afecta a todo el planeta. Sobre este punto en particular expres\u00f3: \u201cLa educaci\u00f3n es virtual en este momento. El pa\u00eds es profundamente desigual. No todos los hogares no tienen computadora o no tienen accesibilidad. A veces tienen conectividad, pero a trav\u00e9s del celular, no es lo mismo que con banda ancha\u201d.<\/p>\n<p>Por otro lado, tambi\u00e9n coment\u00f3 c\u00f3mo se est\u00e1 trabajando desde el Ministerio para contener la escolaridad en todos los niveles educativos. \u201cHablamos de educaci\u00f3n a distancia. Desde el Gobierno nacional se est\u00e1 produciendo 14 horas de TV por d\u00eda, horas de radio\u201d, precis\u00f3 en la noche de Am\u00e9rica TV. En medio de la pandemia, los profesores trabajan de manera remota utilizando herramientas inform\u00e1ticas y m\u00e9todos alternativos.<\/p>\n<p>\u201cHay dos componentes centrales, el v\u00ednculo del estudiante y maestro a distancia y la ayuda educativa del adulto. Ning\u00fan estudiante aprende solo en el hogar. Este momento es excepcional, no buscado por nadie\u201d, advirti\u00f3 Nicol\u00e1s Trotta. \u201cLa Argentina ser\u00e1 m\u00e1s desigual despu\u00e9s de la Pandemia. Se debe ir a buscar a los chicos que no vuelvan a la escuela despu\u00e9s de la Pandemia\u201d, agreg\u00f3 el ministro de Educaci\u00f3n.<\/p>\n<p>&nbsp;<\/p>\n<p><strong>El regreso de Conectar Igualdad<\/strong><\/p>\n<p>Por \u00faltimo, el titular de Educaci\u00f3n destac\u00f3 el trabajo que se realiza para garantizar el acceso a internet, especialmente para los sectores m\u00e1s vulnerables del pa\u00eds. \u201cEl aula es claramente irremplazable. Avanzamos en la gratuidad de la navegabilidad de nuestro portal, de las provincias y de las universidades, lo gestionamos con el ENACOM, pero tiene l\u00edmites con WhatsApp y Facebook\u201d, sostuvo. Luego adelant\u00f3: \u201cEl plan Conectar Igualdad de CFK, se abandon\u00f3, hay que recuperarlo, estamos trabajando con el sector para sumar trabajo argentino\u201d.<\/p>\n","protected":false},"excerpt":{"rendered":"<p>El titular de la cartera de Educaci\u00f3n remarc\u00f3 la importancia de garantizar la conectividad para todos los alumnos &nbsp; En la noche del jueves, el ministro de Educaci\u00f3n de la Naci\u00f3n, Nicol\u00e1s Trotta, mantuvo un di\u00e1logo virtual con Intratables. Durante la transmisi\u00f3n del programa que conduce Fabi\u00e1n Doman, el funcionario del Frente de Todos se refiri\u00f3 a la continuidad de las clases. En medio de la pandemia de coronavirus, el Gobierno decidi\u00f3 suspender la asistencia a las escuelas e implementar un sistema virtual de clases. De esta forma, se evita&#8230;<\/p>\n","protected":false},"author":3,"featured_media":61429,"comment_status":"closed","ping_status":"closed","sticky":false,"template":"","format":"standard","meta":[],"categories":[18],"tags":[],"_links":{"self":[{"href":"https:\/\/www.actualidadadiario.com\/index.php\/wp-json\/wp\/v2\/posts\/61428"}],"collection":[{"href":"https:\/\/www.actualidadadiario.com\/index.php\/wp-json\/wp\/v2\/posts"}],"about":[{"href":"https:\/\/www.actualidadadiario.com\/index.php\/wp-json\/wp\/v2\/types\/post"}],"author":[{"embeddable":true,"href":"https:\/\/www.actualidadadiario.com\/index.php\/wp-json\/wp\/v2\/users\/3"}],"replies":[{"embeddable":true,"href":"https:\/\/www.actualidadadiario.com\/index.php\/wp-json\/wp\/v2\/comments?post=61428"}],"version-history":[{"count":1,"href":"https:\/\/www.actualidadadiario.com\/index.php\/wp-json\/wp\/v2\/posts\/61428\/revisions"}],"predecessor-version":[{"id":61430,"href":"https:\/\/www.actualidadadiario.com\/index.php\/wp-json\/wp\/v2\/posts\/61428\/revisions\/61430"}],"wp:featuredmedia":[{"embeddable":true,"href":"https:\/\/www.actualidadadiario.com\/index.php\/wp-json\/wp\/v2\/media\/61429"}],"wp:attachment":[{"href":"https:\/\/www.actualidadadiario.com\/index.php\/wp-json\/wp\/v2\/media?parent=61428"}],"wp:term":[{"taxonomy":"category","embeddable":true,"href":"https:\/\/www.actualidadadiario.com\/index.php\/wp-json\/wp\/v2\/categories?post=61428"},{"taxonomy":"post_tag","embeddable":true,"href":"https:\/\/www.actualidadadiario.com\/index.php\/wp-json\/wp\/v2\/tags?post=61428"}],"curies":[{"name":"wp","href":"https:\/\/api.w.org\/{rel}","templated":true}]}}