{"id":61422,"date":"2020-05-15T13:01:58","date_gmt":"2020-05-15T16:01:58","guid":{"rendered":"https:\/\/www.actualidadadiario.com\/?p=61422"},"modified":"2020-05-15T13:01:58","modified_gmt":"2020-05-15T16:01:58","slug":"argentina-reafirmo-ante-el-g20-su-compromiso-de-normalizar-la-deuda-externa","status":"publish","type":"post","link":"https:\/\/www.actualidadadiario.com\/index.php\/2020\/05\/15\/argentina-reafirmo-ante-el-g20-su-compromiso-de-normalizar-la-deuda-externa\/","title":{"rendered":"Argentina reafirm\u00f3 ante el G20 su compromiso de normalizar la deuda externa"},"content":{"rendered":"<p style=\"text-align: center;\"><em><strong>Lo hizo el secretario de Relaciones Econ\u00f3micas Internacionales, Jorge Neme. Adem\u00e1s, reiter\u00f3 el apoyo del FMI en dicho sentido<\/strong><\/em><\/p>\n<p>&nbsp;<\/p>\n<p>&nbsp;<\/p>\n<p>El secretario de Relaciones Econ\u00f3micas Internacionales, Jorge Neme, particip\u00f3 este jueves de la Segunda Reuni\u00f3n Ministerial Extraordinaria de Comercio e Inversiones del G20 en la cual reafirm\u00f3 el compromiso del gobierno de normalizar la deuda externa y remarc\u00f3 el apoyo del FMI a la gesti\u00f3n de Alberto Fern\u00e1ndez.<\/p>\n<p>\u201cEl propio organismo internacional considera que la deuda, en las condiciones actuales no es sostenible. Esperamos recibir este mismo tipo de entendimiento de los acreedores\u201d, sostuvo Neme durante el encuentro realizado de manera remota por las dificultades que presenta la pandemia.<\/p>\n<p>A su vez, el funcionario remarc\u00f3 que el Ejecutivo est\u00e1 trabajando para &#8220;normalizar nuestra econom\u00eda y cumplir con nuestros compromisos de manera sostenible al tiempo que protegemos nuestro tejido social y productivo\u201d.<\/p>\n<p>Asimismo, reafirm\u00f3 el compromiso de Alberto Fern\u00e1ndez de \u201ciniciar un di\u00e1logo global para superar esta pandemia, con el objetivo de poner fin a la exclusi\u00f3n social, la depredaci\u00f3n ambiental, la codicia y la especulaci\u00f3n descontrolada\u201d.<\/p>\n<p>En su intervenci\u00f3n, desarrollada mediante videoconferencia, Neme consider\u00f3 que el contexto sanitario de pandemia requiere un aumento de la cooperaci\u00f3n, la solidaridad y la coordinaci\u00f3n internacional.<\/p>\n<p>Adem\u00e1s, explic\u00f3 las medidas implementadas por el Gobierno para garantizar el suministro de productos m\u00e9dicos esenciales, &#8220;como la eliminaci\u00f3n temporal de los aranceles de importaci\u00f3n y de los impuestos sobre los productos relacionados con la Covid-19&#8221;.<\/p>\n<p>En otro tramo de su intervenci\u00f3n, el Secretario de Estado pidi\u00f3 &#8220;promover el aumento de inversiones a fin de contribuir mejor al desarrollo y a una recuperaci\u00f3n econ\u00f3mica mundial sostenible&#8221;.<\/p>\n<p>Con respecto a eso, sostuvo que deber\u00edan mantenerse para luego aumentar una vez concluida la pandemia. De esta manera, se podr\u00eda contribuir a un mejor desarrollo y a una recuperaci\u00f3n econ\u00f3mica mundial sostenible, equilibrada e inclusiva.<\/p>\n<p>Adem\u00e1s resalt\u00f3 el sostenimiento del flujo comercial por parte de Argentina en lo que refiere a productos agroalimentarios como cereales, carne, frutas y aceites. \u201cEstamos listos para recibir inversiones en agronegocios en Argentina, ya que tenemos excelentes condiciones naturales, capacidad t\u00e9cnica y competitividad para expandir nuestra frontera de producci\u00f3n\u201d, concluy\u00f3 Neme.<\/p>\n","protected":false},"excerpt":{"rendered":"<p>Lo hizo el secretario de Relaciones Econ\u00f3micas Internacionales, Jorge Neme. Adem\u00e1s, reiter\u00f3 el apoyo del FMI en dicho sentido &nbsp; &nbsp; El secretario de Relaciones Econ\u00f3micas Internacionales, Jorge Neme, particip\u00f3 este jueves de la Segunda Reuni\u00f3n Ministerial Extraordinaria de Comercio e Inversiones del G20 en la cual reafirm\u00f3 el compromiso del gobierno de normalizar la deuda externa y remarc\u00f3 el apoyo del FMI a la gesti\u00f3n de Alberto Fern\u00e1ndez. \u201cEl propio organismo internacional considera que la deuda, en las condiciones actuales no es sostenible. Esperamos recibir este mismo tipo de&#8230;<\/p>\n","protected":false},"author":3,"featured_media":61423,"comment_status":"closed","ping_status":"closed","sticky":false,"template":"","format":"standard","meta":[],"categories":[18],"tags":[],"_links":{"self":[{"href":"https:\/\/www.actualidadadiario.com\/index.php\/wp-json\/wp\/v2\/posts\/61422"}],"collection":[{"href":"https:\/\/www.actualidadadiario.com\/index.php\/wp-json\/wp\/v2\/posts"}],"about":[{"href":"https:\/\/www.actualidadadiario.com\/index.php\/wp-json\/wp\/v2\/types\/post"}],"author":[{"embeddable":true,"href":"https:\/\/www.actualidadadiario.com\/index.php\/wp-json\/wp\/v2\/users\/3"}],"replies":[{"embeddable":true,"href":"https:\/\/www.actualidadadiario.com\/index.php\/wp-json\/wp\/v2\/comments?post=61422"}],"version-history":[{"count":1,"href":"https:\/\/www.actualidadadiario.com\/index.php\/wp-json\/wp\/v2\/posts\/61422\/revisions"}],"predecessor-version":[{"id":61424,"href":"https:\/\/www.actualidadadiario.com\/index.php\/wp-json\/wp\/v2\/posts\/61422\/revisions\/61424"}],"wp:featuredmedia":[{"embeddable":true,"href":"https:\/\/www.actualidadadiario.com\/index.php\/wp-json\/wp\/v2\/media\/61423"}],"wp:attachment":[{"href":"https:\/\/www.actualidadadiario.com\/index.php\/wp-json\/wp\/v2\/media?parent=61422"}],"wp:term":[{"taxonomy":"category","embeddable":true,"href":"https:\/\/www.actualidadadiario.com\/index.php\/wp-json\/wp\/v2\/categories?post=61422"},{"taxonomy":"post_tag","embeddable":true,"href":"https:\/\/www.actualidadadiario.com\/index.php\/wp-json\/wp\/v2\/tags?post=61422"}],"curies":[{"name":"wp","href":"https:\/\/api.w.org\/{rel}","templated":true}]}}