{"id":61419,"date":"2020-05-15T13:01:14","date_gmt":"2020-05-15T16:01:14","guid":{"rendered":"https:\/\/www.actualidadadiario.com\/?p=61419"},"modified":"2020-05-15T13:01:14","modified_gmt":"2020-05-15T16:01:14","slug":"santiago-cafiero-pidio-separar-la-oposicion-que-acompana-de-la-que-busca-notoriedad","status":"publish","type":"post","link":"https:\/\/www.actualidadadiario.com\/index.php\/2020\/05\/15\/santiago-cafiero-pidio-separar-la-oposicion-que-acompana-de-la-que-busca-notoriedad\/","title":{"rendered":"Santiago Cafiero pidi\u00f3 separar la oposici\u00f3n &#8220;que acompa\u00f1a&#8221; de la que busca &#8220;notoriedad&#8221;"},"content":{"rendered":"<p style=\"text-align: center;\"><em><strong>El jefe de Gabinete destac\u00f3 el rol de los intendentes y gobernadores opositores que &#8220;acompa\u00f1an el pulso del Gobierno&#8221;. Pidi\u00f3 mayor trabajo en conjunto<\/strong><\/em><\/p>\n<p>&nbsp;<\/p>\n<p>&nbsp;<\/p>\n<p>Luego de responder a trav\u00e9s de Twitter a las cr\u00edticas por la ampliaci\u00f3n de sus facultades, Santiago Cafiero volvi\u00f3 a referirse al rol de la oposici\u00f3n y diferenci\u00f3 a quienes &#8220;buscan ganar constantemente cierta notoriedad&#8221;, de quienes &#8220;acompa\u00f1an el pulso del Gobierno&#8221;.<\/p>\n<p>Consultado por el canal C5N acerca de la coyuntura en el marco de la crisis por el coronavirus, el jefe de Gabinete dispar\u00f3: &#8221; Hay una parte de la oposici\u00f3n que busca ganar constantemente cierta notoriedad, y hay otra parte de la oposici\u00f3n, la que tiene cargos ejecutivos, que acompa\u00f1a el pulso que imprime el Gobierno. Es importante que separemos esto&#8221;.<\/p>\n<p>De este modo, el funcionario se refiri\u00f3 a dirigentes opositores que cargaron con dureza contra el oficialismo y que hoy no ocupan cargos p\u00fablicos, diferenci\u00e1ndolos de aquellos gobernadores, alcaldes y legisladores que muestran buena sinton\u00eda con Alberto Fern\u00e1ndez en el manejo de la lucha contra la pandemia.<\/p>\n<p>Por caso, Gerardo Morales, Rodolfo Su\u00e1rez y Gustavo Vald\u00e9s, gobernadores de Jujuy, Mendoza y Corrientes, respectivamente, son los mandatarios pertenecientes a Juntos por el Cambio que trabajan mancomunadamente con el Estado.<\/p>\n<p>Tales acciones conjuntas tienen su correlato en Provincia con intendentes como Diego Valenzuela, de Tres de Febrero; N\u00e9stor Grindetti, de Lan\u00fas y Jorge Macri, de Vicente L\u00f3pez, entre otros, todos pertenecientes al macrismo. Ellos tambi\u00e9n sostienen buen di\u00e1logo con el gobernador Axel Kicillof.<\/p>\n<p>Con respecto al avance del Covid-19 en los barrios populares, Cafiero explic\u00f3 que &#8220;es necesario que los mecanismos que empezamos a desarrollar desde el Gobierno tengan el apoyo de la Ciudad y de los municipios&#8221;, ya que, &#8220;es clave el trabajo conjunto&#8221;.<\/p>\n<p>Por otra parte, el polit\u00f3logo se refiri\u00f3 a la escalada en el precio del d\u00f3lar. &#8220;Si bien es un tema que distorsiona, que le produce da\u00f1o a la econom\u00eda, no es menos cierto que es un mercado muy chico&#8221;, desliz\u00f3.<\/p>\n<p>Y agreg\u00f3: &#8220;Obviamente nos ocupa, por eso el BCRA va a generar herramientas para que estemos bien presentes en el Contado con Liqui, que es el \u00fanico donde podemos tener cierta vigilancia&#8221;.<\/p>\n<p>En referencia al d\u00f3lar blue, sostuvo que &#8220;el mercado ilegal es chico pero ruidoso. Nosotros queremos que se entienda que toda la negociaci\u00f3n de la deuda la hacemos de buena fe, con la visi\u00f3n irrenunciable de la sostenibilidad para que sea sostenible un programa de desarrollo nacional&#8221;.<\/p>\n","protected":false},"excerpt":{"rendered":"<p>El jefe de Gabinete destac\u00f3 el rol de los intendentes y gobernadores opositores que &#8220;acompa\u00f1an el pulso del Gobierno&#8221;. Pidi\u00f3 mayor trabajo en conjunto &nbsp; &nbsp; Luego de responder a trav\u00e9s de Twitter a las cr\u00edticas por la ampliaci\u00f3n de sus facultades, Santiago Cafiero volvi\u00f3 a referirse al rol de la oposici\u00f3n y diferenci\u00f3 a quienes &#8220;buscan ganar constantemente cierta notoriedad&#8221;, de quienes &#8220;acompa\u00f1an el pulso del Gobierno&#8221;. Consultado por el canal C5N acerca de la coyuntura en el marco de la crisis por el coronavirus, el jefe de Gabinete&#8230;<\/p>\n","protected":false},"author":3,"featured_media":61420,"comment_status":"closed","ping_status":"closed","sticky":false,"template":"","format":"standard","meta":[],"categories":[18],"tags":[],"_links":{"self":[{"href":"https:\/\/www.actualidadadiario.com\/index.php\/wp-json\/wp\/v2\/posts\/61419"}],"collection":[{"href":"https:\/\/www.actualidadadiario.com\/index.php\/wp-json\/wp\/v2\/posts"}],"about":[{"href":"https:\/\/www.actualidadadiario.com\/index.php\/wp-json\/wp\/v2\/types\/post"}],"author":[{"embeddable":true,"href":"https:\/\/www.actualidadadiario.com\/index.php\/wp-json\/wp\/v2\/users\/3"}],"replies":[{"embeddable":true,"href":"https:\/\/www.actualidadadiario.com\/index.php\/wp-json\/wp\/v2\/comments?post=61419"}],"version-history":[{"count":1,"href":"https:\/\/www.actualidadadiario.com\/index.php\/wp-json\/wp\/v2\/posts\/61419\/revisions"}],"predecessor-version":[{"id":61421,"href":"https:\/\/www.actualidadadiario.com\/index.php\/wp-json\/wp\/v2\/posts\/61419\/revisions\/61421"}],"wp:featuredmedia":[{"embeddable":true,"href":"https:\/\/www.actualidadadiario.com\/index.php\/wp-json\/wp\/v2\/media\/61420"}],"wp:attachment":[{"href":"https:\/\/www.actualidadadiario.com\/index.php\/wp-json\/wp\/v2\/media?parent=61419"}],"wp:term":[{"taxonomy":"category","embeddable":true,"href":"https:\/\/www.actualidadadiario.com\/index.php\/wp-json\/wp\/v2\/categories?post=61419"},{"taxonomy":"post_tag","embeddable":true,"href":"https:\/\/www.actualidadadiario.com\/index.php\/wp-json\/wp\/v2\/tags?post=61419"}],"curies":[{"name":"wp","href":"https:\/\/api.w.org\/{rel}","templated":true}]}}