{"id":61417,"date":"2020-05-15T13:00:27","date_gmt":"2020-05-15T16:00:27","guid":{"rendered":"https:\/\/www.actualidadadiario.com\/?p=61417"},"modified":"2020-05-15T13:00:27","modified_gmt":"2020-05-15T16:00:27","slug":"salud-pidio-a-las-provincias-no-disminuir-el-alerta-pese-a-no-estar-en-la-situacion-del-amba","status":"publish","type":"post","link":"https:\/\/www.actualidadadiario.com\/index.php\/2020\/05\/15\/salud-pidio-a-las-provincias-no-disminuir-el-alerta-pese-a-no-estar-en-la-situacion-del-amba\/","title":{"rendered":"Salud pidi\u00f3 a las provincias &#8220;no disminuir el alerta&#8221; pese a no estar en la situaci\u00f3n del AMBA"},"content":{"rendered":"<p style=\"text-align: center;\"><em><strong>Carla Vizzotti llam\u00f3 a &#8220;redoblar los esfuerzos&#8221; donde se registra la circulaci\u00f3n comunitaria del virus. En las \u00faltimas 24 horas se registraron 255 infectados y 9 muertes<\/strong><\/em><\/p>\n<p>&nbsp;<\/p>\n<p>&nbsp;<\/p>\n<p>&nbsp;<\/p>\n<p>La secretaria de Acceso a la Salud, Carla Vizzotti, dijo hoy que si bien la &#8220;mayor\u00eda de los municipios y departamentos del pa\u00eds&#8221; no se encuentran en la situaci\u00f3n epidemiol\u00f3gica que atraviesa el \u00c1rea Metropolitana de Buenos Aires (AMBA) por la pandemia de coronavirus, no por ello se debe &#8220;disminuir el alerta y la tensi\u00f3n ni las medidas de vigilancia&#8221;.<\/p>\n<p>Al encabezar el reporte diario que emite la cartera sanitaria, la funcionaria hizo hincapi\u00e9 en que la mayor cantidad de departamentos sanitarios y municipios del pa\u00eds no han tenido casos o los han controlado pero que, aun as\u00ed, &#8220;no deben bajar la guardia&#8221;.<\/p>\n<p>En ese sentido, a\u00f1adi\u00f3 que en las zonas de mayor densidad poblacional, donde se registra la circulaci\u00f3n comunitaria del coronavirus, se deben &#8220;redoblar los esfuerzos&#8221; y &#8220;cumplir con las recomendaciones&#8221; del distanciamiento social obligatorio.<\/p>\n<p>&#8220;Para las provincias que no han reportado casos o s\u00f3lo tienen casos importados, es muy relevante seguir en alerta para detectarlos en forma precoz. Para las que han podido controlar la situaci\u00f3n y que hace m\u00e1s de 15 d\u00edas que no tienen casos, es muy importante no bajar la guardia&#8221;, explic\u00f3.<\/p>\n<p>Sobre las \u00e1reas con mayores contagios y fallecidos, Vizzotti record\u00f3 que, geogr\u00e1ficamente hablando, se trata de &#8220;un porcentaje reducido de los municipios del pa\u00eds&#8221; pero que son &#8220;muy importantes&#8221; en lo que respecta al n\u00famero de habitantes.<\/p>\n<p>En esos lugares se deben seguir las recomendaciones: que las salidas de los hogares sean &#8220;las m\u00ednimas&#8221;, sin utilizaci\u00f3n de transporte p\u00fablico, manteniendo distancia social, usando tapabocas y con higiene de manos y de los espacios f\u00edsicos.<\/p>\n<p>Por otra parte, la secretaria de Acceso a la Salud destac\u00f3 la inauguraci\u00f3n de un hospital modular realizada ayer por el presidente Alberto Fern\u00e1ndez en el municipio bonaerense de Almirante Brown.<\/p>\n<p>Dijo que se trata de uno de los 12 construidos para &#8220;mejorar la respuesta del sistema de salud&#8221; y ampliar en 840 la oferta de camas tanto de terapia intensiva como de internaci\u00f3n general para el tratamiento de la Covid-19.<\/p>\n<p>&nbsp;<\/p>\n<p><strong>Los n\u00fameros del coronavirus en Argentina<\/strong><\/p>\n<p>Por otra parte, el reporte del ministerio no registr\u00f3 nuevos fallecimientos desde el \u00faltimo parte emitido ayer por la noche, por lo que la cifra de muertos se ubica en 353, con una tasa de letalidad de 4,9.<\/p>\n<p>El total de casos confirmados es de 7.134: de ellos 2.497 (un 35%) han superado la infecci\u00f3n y 4.284 se encuentran curs\u00e1ndola, con 149 internados en unidades de terapia intensiva.<\/p>\n<p>Respecto a los positivos, 935 (13,1%) son importados, 3.226 (45,2%) son contactos estrechos de casos confirmados, 2.169 (30,4%) son casos de circulaci\u00f3n comunitaria y el resto se encuentra en investigaci\u00f3n epidemiol\u00f3gica.<\/p>\n<p>Ayer fueron realizadas 3.220 nuevas muestras y desde el inicio del brote se realizaron 96.893 pruebas diagn\u00f3sticas para esta enfermedad, lo que equivale a 2.135,3 muestras por mill\u00f3n de habitantes.<\/p>\n<p>El porcentaje de positividad se encuentra por debajo del 10%, lo que equivale decir que 9 de cada 10 muestras tomadas tienen resultado negativo.<\/p>\n<p>Las principales franjas etarias afectadas de los casos registrados corresponden a personas de entre 20 y 59 a\u00f1os, siendo la edad promedio de 40 a\u00f1os.<\/p>\n","protected":false},"excerpt":{"rendered":"<p>Carla Vizzotti llam\u00f3 a &#8220;redoblar los esfuerzos&#8221; donde se registra la circulaci\u00f3n comunitaria del virus. En las \u00faltimas 24 horas se registraron 255 infectados y 9 muertes &nbsp; &nbsp; &nbsp; La secretaria de Acceso a la Salud, Carla Vizzotti, dijo hoy que si bien la &#8220;mayor\u00eda de los municipios y departamentos del pa\u00eds&#8221; no se encuentran en la situaci\u00f3n epidemiol\u00f3gica que atraviesa el \u00c1rea Metropolitana de Buenos Aires (AMBA) por la pandemia de coronavirus, no por ello se debe &#8220;disminuir el alerta y la tensi\u00f3n ni las medidas de vigilancia&#8221;&#8230;.<\/p>\n","protected":false},"author":3,"featured_media":60302,"comment_status":"closed","ping_status":"closed","sticky":false,"template":"","format":"standard","meta":[],"categories":[9],"tags":[],"_links":{"self":[{"href":"https:\/\/www.actualidadadiario.com\/index.php\/wp-json\/wp\/v2\/posts\/61417"}],"collection":[{"href":"https:\/\/www.actualidadadiario.com\/index.php\/wp-json\/wp\/v2\/posts"}],"about":[{"href":"https:\/\/www.actualidadadiario.com\/index.php\/wp-json\/wp\/v2\/types\/post"}],"author":[{"embeddable":true,"href":"https:\/\/www.actualidadadiario.com\/index.php\/wp-json\/wp\/v2\/users\/3"}],"replies":[{"embeddable":true,"href":"https:\/\/www.actualidadadiario.com\/index.php\/wp-json\/wp\/v2\/comments?post=61417"}],"version-history":[{"count":1,"href":"https:\/\/www.actualidadadiario.com\/index.php\/wp-json\/wp\/v2\/posts\/61417\/revisions"}],"predecessor-version":[{"id":61418,"href":"https:\/\/www.actualidadadiario.com\/index.php\/wp-json\/wp\/v2\/posts\/61417\/revisions\/61418"}],"wp:featuredmedia":[{"embeddable":true,"href":"https:\/\/www.actualidadadiario.com\/index.php\/wp-json\/wp\/v2\/media\/60302"}],"wp:attachment":[{"href":"https:\/\/www.actualidadadiario.com\/index.php\/wp-json\/wp\/v2\/media?parent=61417"}],"wp:term":[{"taxonomy":"category","embeddable":true,"href":"https:\/\/www.actualidadadiario.com\/index.php\/wp-json\/wp\/v2\/categories?post=61417"},{"taxonomy":"post_tag","embeddable":true,"href":"https:\/\/www.actualidadadiario.com\/index.php\/wp-json\/wp\/v2\/tags?post=61417"}],"curies":[{"name":"wp","href":"https:\/\/api.w.org\/{rel}","templated":true}]}}