{"id":61412,"date":"2020-05-15T12:58:48","date_gmt":"2020-05-15T15:58:48","guid":{"rendered":"https:\/\/www.actualidadadiario.com\/?p=61412"},"modified":"2020-05-15T12:58:48","modified_gmt":"2020-05-15T15:58:48","slug":"extenderan-hasta-fines-de-junio-los-precios-maximos-de-2-300-productos","status":"publish","type":"post","link":"https:\/\/www.actualidadadiario.com\/index.php\/2020\/05\/15\/extenderan-hasta-fines-de-junio-los-precios-maximos-de-2-300-productos\/","title":{"rendered":"Extender\u00e1n hasta fines de junio los precios m\u00e1ximos de 2.300 productos"},"content":{"rendered":"<p style=\"text-align: center;\"><em><strong>Con la extensi\u00f3n de la cuarentena y los impactos que esta par\u00e1lisis de la mayor\u00eda de las actividades est\u00e1 generando en la sociedad, el Gobierno ya tiene decidido que extender\u00e1, en principio hasta fin de junio, la norma que fij\u00f3 precios m\u00e1ximos a 2.300 productos de la canasta de consumo masivo<\/strong><\/em><\/p>\n<p>&nbsp;<\/p>\n<p>&nbsp;<\/p>\n<p>La resoluci\u00f3n 100 que fij\u00f3 valores m\u00e1ximos y oblig\u00f3 a retrotraer los precios a los vigentes al 6 de marzo fue publicada el 20 de marzo y prorrogada por la 117 el 18 de abril, a pesar de los reclamos de los empresarios sobre la necesidad de hacer ajustes por los aumentos de costos registrados desde el momento del congelamiento. La semana que viene vuelve a vencer el plazo y, a pesar de los reiterados reclamos de las compa\u00f1\u00edas, la decisi\u00f3n de la Secretar\u00eda de Comercio Interior, que dirige Paula Espa\u00f1ol, est\u00e1 tomada: volver\u00e1n a extenderlo hasta fin del mes pr\u00f3ximo.<\/p>\n<p>Los empresarios de la alimentaci\u00f3n, nucleados en la Coordinadora de Industrias de Productos Alimenticios (Copal) se reunieron ayer de forma virtual -como es usual en medio de la pandemia- y resolvieron pedir una nueva reuni\u00f3n con el ministro de Desarrollo Productivo, Mat\u00edas Kulfas, que podr\u00eda realizarse en las pr\u00f3ximas horas. En ese encuentro, un empresario baraj\u00f3 la posibilidad de que se pida una actualizaci\u00f3n general de 5%, pero finalmente qued\u00f3 descartada, ya que cada firma tiene aumentos de costos diferentes y, de hecho, se los est\u00e1n informando de forma individual al Gobierno.<\/p>\n<p>\u201cNosotros en la Secretar\u00eda estamos trabajando sobre el tema para ver c\u00f3mo evoluciona y hacia finales de la semana tomar una decisi\u00f3n, teniendo en cuenta que se trata de una pol\u00edtica transitoria en la coyuntura que se va analizando d\u00eda a d\u00eda\u201d, dijo esta semana Espa\u00f1ol en declaraciones televisivas. Y agreg\u00f3: &#8220;Creo que hay que tener en cuenta que, m\u00e1s all\u00e1 de situaciones particulares de la empresa, el sector de alimentos e higiene personal ha logrado mantener sus ventas durante todo este per\u00edodo que el resto de la econom\u00eda estuvo cerrada\u201d.<\/p>\n<p>Durante la \u00faltima reuni\u00f3n que mantuvieron a fines de abril con Kulfas, los directivos de Copal, encabezados por su presidente, Daniel Funes de Rioja, plantearon que la industria hab\u00eda sufrido un aumento de costos importante producto de los problemas log\u00edsticos que la cuarentena ocasion\u00f3; restricciones de financiamiento; y del mayor personal (eventual) que las firmas tuvieron que contratar por las personas que debieron ausentarse por ser de riesgo.<\/p>\n<p>En esa ocasi\u00f3n, el planteo del ministro fue que le acerquen los incrementos que hab\u00edan tenido, por empresa, y que los analizar\u00edan, pero la \u00fanica soluci\u00f3n no puede ser trasladar a precios esas subas. Adem\u00e1s, les remarc\u00f3 que el pa\u00eds se encuentra en una situaci\u00f3n en la que todos los sectores afrontan problemas y que, en este contexto, el sector de la alimentaci\u00f3n no s\u00f3lo trabaj\u00f3 durante la pandemia, sino que factur\u00f3 y cobr\u00f3, recordaron fuentes oficiales.<\/p>\n<p>Consultado al respecto, Funes de Rioja dijo que \u201chay conversaciones empresa por empresa con el Gobierno\u201d, ya que \u201chay incidencia por mayores costos\u201d. El titular de Copal se refiri\u00f3 a la devaluaci\u00f3n desde diciembre a la actualidad, que super\u00f3 el 10%, subas de insumos (distintos en cada sector); incrementos salariales, que oscilan entre 18% y 21,5% desde enero a abril; y un promedio de dotaci\u00f3n no utilizada por estar bajo licencia del orden del 30%, lo que lleva a las industrias a contratar trabajadores eventuales o sumar horas extras.<\/p>\n<p>\u201cLa posici\u00f3n de Copal es que hay un impacto en los costos que no se ha visto compensado por volumen, porque el nivel de actividad del sector ronda el 50 por ciento. Por ejemplo, en el caso de los productos de consumo impulsivo, tienen actividad muy reducida&#8221;, afirm\u00f3 Funes de Rioja.<\/p>\n","protected":false},"excerpt":{"rendered":"<p>Con la extensi\u00f3n de la cuarentena y los impactos que esta par\u00e1lisis de la mayor\u00eda de las actividades est\u00e1 generando en la sociedad, el Gobierno ya tiene decidido que extender\u00e1, en principio hasta fin de junio, la norma que fij\u00f3 precios m\u00e1ximos a 2.300 productos de la canasta de consumo masivo &nbsp; &nbsp; La resoluci\u00f3n 100 que fij\u00f3 valores m\u00e1ximos y oblig\u00f3 a retrotraer los precios a los vigentes al 6 de marzo fue publicada el 20 de marzo y prorrogada por la 117 el 18 de abril, a pesar&#8230;<\/p>\n","protected":false},"author":3,"featured_media":39097,"comment_status":"closed","ping_status":"closed","sticky":false,"template":"","format":"standard","meta":[],"categories":[2],"tags":[],"_links":{"self":[{"href":"https:\/\/www.actualidadadiario.com\/index.php\/wp-json\/wp\/v2\/posts\/61412"}],"collection":[{"href":"https:\/\/www.actualidadadiario.com\/index.php\/wp-json\/wp\/v2\/posts"}],"about":[{"href":"https:\/\/www.actualidadadiario.com\/index.php\/wp-json\/wp\/v2\/types\/post"}],"author":[{"embeddable":true,"href":"https:\/\/www.actualidadadiario.com\/index.php\/wp-json\/wp\/v2\/users\/3"}],"replies":[{"embeddable":true,"href":"https:\/\/www.actualidadadiario.com\/index.php\/wp-json\/wp\/v2\/comments?post=61412"}],"version-history":[{"count":1,"href":"https:\/\/www.actualidadadiario.com\/index.php\/wp-json\/wp\/v2\/posts\/61412\/revisions"}],"predecessor-version":[{"id":61413,"href":"https:\/\/www.actualidadadiario.com\/index.php\/wp-json\/wp\/v2\/posts\/61412\/revisions\/61413"}],"wp:featuredmedia":[{"embeddable":true,"href":"https:\/\/www.actualidadadiario.com\/index.php\/wp-json\/wp\/v2\/media\/39097"}],"wp:attachment":[{"href":"https:\/\/www.actualidadadiario.com\/index.php\/wp-json\/wp\/v2\/media?parent=61412"}],"wp:term":[{"taxonomy":"category","embeddable":true,"href":"https:\/\/www.actualidadadiario.com\/index.php\/wp-json\/wp\/v2\/categories?post=61412"},{"taxonomy":"post_tag","embeddable":true,"href":"https:\/\/www.actualidadadiario.com\/index.php\/wp-json\/wp\/v2\/tags?post=61412"}],"curies":[{"name":"wp","href":"https:\/\/api.w.org\/{rel}","templated":true}]}}