{"id":61410,"date":"2020-05-15T12:57:59","date_gmt":"2020-05-15T15:57:59","guid":{"rendered":"https:\/\/www.actualidadadiario.com\/?p=61410"},"modified":"2020-05-15T12:57:59","modified_gmt":"2020-05-15T15:57:59","slug":"por-la-cuarentena-y-el-congelamiento-de-tarifas-la-inflacion-de-abril-fue-de-solo-15","status":"publish","type":"post","link":"https:\/\/www.actualidadadiario.com\/index.php\/2020\/05\/15\/por-la-cuarentena-y-el-congelamiento-de-tarifas-la-inflacion-de-abril-fue-de-solo-15\/","title":{"rendered":"Por la cuarentena y el congelamiento de tarifas, la inflaci\u00f3n de abril fue de s\u00f3lo 1,5%"},"content":{"rendered":"<p style=\"text-align: center;\"><em><strong>Pese a la fort\u00edsima aceleraci\u00f3n en la emisi\u00f3n monetaria que viene ocurriendo desde noviembre, la inflaci\u00f3n desaceler\u00f3 con fuerza en abril y fue de 1,5%. Se trat\u00f3 del registro m\u00e1s bajo desde el 1,4% de noviembre del 2017. La recesi\u00f3n econ\u00f3mica y los controles y congelamientos de precios por parte del Gobierno pesaron m\u00e1s que la extraordinaria inyecci\u00f3n de pesos y son las causas que lideran las explicaciones acerca de la calma nominal<\/strong><\/em><\/p>\n<p>&nbsp;<\/p>\n<p>Con todo eso sobre la mesa, la din\u00e1mica de abril dej\u00f3 poco margen para celebrar por una potencial desinflaci\u00f3n. Al dur\u00edsimo escenario recesivo como explicaci\u00f3n se le sum\u00f3 que, por la cuarentena, 1\/4 de los precios no estuvieran disponibles durante abril.<\/p>\n<p>Su virtual inexistencia oblig\u00f3 al Indec a resolver el c\u00e1lculo con una estimaci\u00f3n, en base a la metodolog\u00eda redactada previamente y a las recomendaciones internacionales. Lo que se hizo fue dar por hecho que esos precios se movieron igual que el promedio del resto de los productos, de forma tal de evitar imputarles una variaci\u00f3n nula. Lejos de ser una decisi\u00f3n arbitraria, se oper\u00f3 en l\u00ednea con los est\u00e1ndares internacionales del FMI, Eurostat y la Cepal.<\/p>\n<p>El director socio de Consultora Ledesma, Gabriel Caama\u00f1o G\u00f3mez, explic\u00f3: &#8220;M\u00e1s de la mitad del \u00edndice tiene aclaraciones metodol\u00f3gicas o registr\u00f3 reversiones puntuales producto de la cuarentena. En la otra mitad hay tarifas congeladas y d\u00f3lar corriendo muy por detr\u00e1s de la inflaci\u00f3n hace ya varios meses. Aun as\u00ed, Alimentos, que funcion\u00f3 m\u00e1s o menos normal, se sostuvo por encima de 3%. No se puede hablar de desinflaci\u00f3n. Hay que ser muy prudente con el IPC por las cosas que se\u00f1ala el propio Indec. Lo que no significa que el IPC no sirva, al contrario. Pero hay que entender c\u00f3mo funciona y el contexto en el que se da&#8221;.<\/p>\n<p>Los alimentos, cuya comercializaci\u00f3n funcion\u00f3 con virtual normalidad durante abril, tuvieron un desempe\u00f1o dual: por un lado estuvieron bien por encima del promedio y fueron los que motorizaron a la inflaci\u00f3n, con una suba de 3,2%; por el otro, tambi\u00e9n mostraron una desaceleraci\u00f3n respecto al 3,9% que hab\u00edan marcado en marzo. Desde el CEPA lo se\u00f1alaron como virtud de la pol\u00edtica oficial de control y congelamiento de precios: &#8220;La pandemia confirm\u00f3 la necesidad de la intervenci\u00f3n del Estado en la econom\u00eda, particularmente jugando un papel fuerte en la regulaci\u00f3n de los precios tanto minoristas como mayoristas. Los evidentes l\u00edmites a la competencia entre precios determinan que sea el Estado el que fije precios ante la virtual evaporaci\u00f3n del mercado en t\u00e9rminos funcionales&#8221;.<\/p>\n","protected":false},"excerpt":{"rendered":"<p>Pese a la fort\u00edsima aceleraci\u00f3n en la emisi\u00f3n monetaria que viene ocurriendo desde noviembre, la inflaci\u00f3n desaceler\u00f3 con fuerza en abril y fue de 1,5%. Se trat\u00f3 del registro m\u00e1s bajo desde el 1,4% de noviembre del 2017. La recesi\u00f3n econ\u00f3mica y los controles y congelamientos de precios por parte del Gobierno pesaron m\u00e1s que la extraordinaria inyecci\u00f3n de pesos y son las causas que lideran las explicaciones acerca de la calma nominal &nbsp; Con todo eso sobre la mesa, la din\u00e1mica de abril dej\u00f3 poco margen para celebrar por&#8230;<\/p>\n","protected":false},"author":3,"featured_media":60213,"comment_status":"closed","ping_status":"closed","sticky":false,"template":"","format":"standard","meta":[],"categories":[2],"tags":[],"_links":{"self":[{"href":"https:\/\/www.actualidadadiario.com\/index.php\/wp-json\/wp\/v2\/posts\/61410"}],"collection":[{"href":"https:\/\/www.actualidadadiario.com\/index.php\/wp-json\/wp\/v2\/posts"}],"about":[{"href":"https:\/\/www.actualidadadiario.com\/index.php\/wp-json\/wp\/v2\/types\/post"}],"author":[{"embeddable":true,"href":"https:\/\/www.actualidadadiario.com\/index.php\/wp-json\/wp\/v2\/users\/3"}],"replies":[{"embeddable":true,"href":"https:\/\/www.actualidadadiario.com\/index.php\/wp-json\/wp\/v2\/comments?post=61410"}],"version-history":[{"count":1,"href":"https:\/\/www.actualidadadiario.com\/index.php\/wp-json\/wp\/v2\/posts\/61410\/revisions"}],"predecessor-version":[{"id":61411,"href":"https:\/\/www.actualidadadiario.com\/index.php\/wp-json\/wp\/v2\/posts\/61410\/revisions\/61411"}],"wp:featuredmedia":[{"embeddable":true,"href":"https:\/\/www.actualidadadiario.com\/index.php\/wp-json\/wp\/v2\/media\/60213"}],"wp:attachment":[{"href":"https:\/\/www.actualidadadiario.com\/index.php\/wp-json\/wp\/v2\/media?parent=61410"}],"wp:term":[{"taxonomy":"category","embeddable":true,"href":"https:\/\/www.actualidadadiario.com\/index.php\/wp-json\/wp\/v2\/categories?post=61410"},{"taxonomy":"post_tag","embeddable":true,"href":"https:\/\/www.actualidadadiario.com\/index.php\/wp-json\/wp\/v2\/tags?post=61410"}],"curies":[{"name":"wp","href":"https:\/\/api.w.org\/{rel}","templated":true}]}}