{"id":61405,"date":"2020-05-15T12:56:27","date_gmt":"2020-05-15T15:56:27","guid":{"rendered":"https:\/\/www.actualidadadiario.com\/?p=61405"},"modified":"2020-05-15T12:56:27","modified_gmt":"2020-05-15T15:56:27","slug":"se-esperan-alzas-moderadas-de-precios","status":"publish","type":"post","link":"https:\/\/www.actualidadadiario.com\/index.php\/2020\/05\/15\/se-esperan-alzas-moderadas-de-precios\/","title":{"rendered":"Se esperan alzas moderadas de precios"},"content":{"rendered":"<p style=\"text-align: center;\"><em><strong>No hay consultora privada que hable de hiperinflaci\u00f3n pero s\u00ed se espera alguna aceleraci\u00f3n hacia el segundo semestre<\/strong><\/em><\/p>\n<p>&nbsp;<\/p>\n<p>&nbsp;<\/p>\n<p>&nbsp;<\/p>\n<p>Los controles de precios, y los congelamientos del d\u00f3lar, tarifas y combustibles en particular, explicaron la desaceleraci\u00f3n inflacionaria de abril. Los regulados incluso mostraron una ca\u00edda de 0,7%, explicada por las retracciones de los precios de los planes de telefon\u00eda m\u00f3vil y fija. Educaci\u00f3n registr\u00f3 una baja de 1,5%. El potencial levantamiento parcial o total de los congelamientos y del cepo provoca dudas a futuro.<\/p>\n<p>En general, no hay consultora privada que hable de hiperinflaci\u00f3n pero s\u00ed se espera alguna aceleraci\u00f3n hacia el segundo semestre, aunque el a\u00f1o terminar\u00eda por debajo del registro del 2019, que dej\u00f3 un IPC de 53,8%. Desde LCG destacaron: &#8220;Recurrir a anclas nominales surti\u00f3 efecto. El salto en la brecha cambiaria podr\u00eda ejercer presi\u00f3n. A esto se suman la necesidad de levantar el congelamiento de tarifas y combustibles y la presi\u00f3n sobre el d\u00f3lar oficial y los precios m\u00e1ximos. No vemos riesgo de hiperinflaci\u00f3n, pero esperamos un salto discreto&#8221;.<\/p>\n","protected":false},"excerpt":{"rendered":"<p>No hay consultora privada que hable de hiperinflaci\u00f3n pero s\u00ed se espera alguna aceleraci\u00f3n hacia el segundo semestre &nbsp; &nbsp; &nbsp; Los controles de precios, y los congelamientos del d\u00f3lar, tarifas y combustibles en particular, explicaron la desaceleraci\u00f3n inflacionaria de abril. Los regulados incluso mostraron una ca\u00edda de 0,7%, explicada por las retracciones de los precios de los planes de telefon\u00eda m\u00f3vil y fija. Educaci\u00f3n registr\u00f3 una baja de 1,5%. El potencial levantamiento parcial o total de los congelamientos y del cepo provoca dudas a futuro. En general, no hay&#8230;<\/p>\n","protected":false},"author":3,"featured_media":61406,"comment_status":"closed","ping_status":"closed","sticky":false,"template":"","format":"standard","meta":[],"categories":[2],"tags":[],"_links":{"self":[{"href":"https:\/\/www.actualidadadiario.com\/index.php\/wp-json\/wp\/v2\/posts\/61405"}],"collection":[{"href":"https:\/\/www.actualidadadiario.com\/index.php\/wp-json\/wp\/v2\/posts"}],"about":[{"href":"https:\/\/www.actualidadadiario.com\/index.php\/wp-json\/wp\/v2\/types\/post"}],"author":[{"embeddable":true,"href":"https:\/\/www.actualidadadiario.com\/index.php\/wp-json\/wp\/v2\/users\/3"}],"replies":[{"embeddable":true,"href":"https:\/\/www.actualidadadiario.com\/index.php\/wp-json\/wp\/v2\/comments?post=61405"}],"version-history":[{"count":1,"href":"https:\/\/www.actualidadadiario.com\/index.php\/wp-json\/wp\/v2\/posts\/61405\/revisions"}],"predecessor-version":[{"id":61407,"href":"https:\/\/www.actualidadadiario.com\/index.php\/wp-json\/wp\/v2\/posts\/61405\/revisions\/61407"}],"wp:featuredmedia":[{"embeddable":true,"href":"https:\/\/www.actualidadadiario.com\/index.php\/wp-json\/wp\/v2\/media\/61406"}],"wp:attachment":[{"href":"https:\/\/www.actualidadadiario.com\/index.php\/wp-json\/wp\/v2\/media?parent=61405"}],"wp:term":[{"taxonomy":"category","embeddable":true,"href":"https:\/\/www.actualidadadiario.com\/index.php\/wp-json\/wp\/v2\/categories?post=61405"},{"taxonomy":"post_tag","embeddable":true,"href":"https:\/\/www.actualidadadiario.com\/index.php\/wp-json\/wp\/v2\/tags?post=61405"}],"curies":[{"name":"wp","href":"https:\/\/api.w.org\/{rel}","templated":true}]}}