{"id":61396,"date":"2020-05-15T12:53:05","date_gmt":"2020-05-15T15:53:05","guid":{"rendered":"https:\/\/www.actualidadadiario.com\/?p=61396"},"modified":"2020-05-15T12:53:05","modified_gmt":"2020-05-15T15:53:05","slug":"el-tribunal-de-cuentas-habilito-el-receso-extraordinario-para-tramites-internos","status":"publish","type":"post","link":"https:\/\/www.actualidadadiario.com\/index.php\/2020\/05\/15\/el-tribunal-de-cuentas-habilito-el-receso-extraordinario-para-tramites-internos\/","title":{"rendered":"El Tribunal de Cuentas habilit\u00f3 el receso extraordinario para tr\u00e1mites internos"},"content":{"rendered":"<p style=\"text-align: center;\"><em><strong>En pos de dinamizar el trabajo diario, el Tribunal de Cuentas de Entre R\u00edos habilit\u00f3 el receso extraordinario para la tramitaci\u00f3n interna de expedientes y cuentas que est\u00e9n en curso, o que ingresen al organismo. Contin\u00faa la suspensi\u00f3n de plazos renditivos, procesales y administrativos para los cuentadantes hasta el 24 de mayo<\/strong><\/em><\/p>\n<p>&nbsp;<\/p>\n<p>&nbsp;<\/p>\n<p>El Tribunal de Cuentas de la provincia, mediante Resoluci\u00f3n N\u00ba 185\/2020, decidi\u00f3 extender el receso extraordinario vigente por razones sanitarias, hasta el d\u00eda 24 de mayo, con los lineamientos de trabajo establecidos por la Resoluci\u00f3n N\u00b0 51\/2020 TCER, y con la habilitaci\u00f3n para tr\u00e1mites internos dispuesta por la Resoluci\u00f3n N\u00b053\/ 2020 TCER.<\/p>\n<p>En este sentido, el 4 de mayo pasado, el organismo de control habilit\u00f3 el receso extraordinario vigente, para la tramitaci\u00f3n interna de todos los expedientes y cuentas que se encuentran en curso y de los que ingresen a partir de la fecha, manteniendo la suspensi\u00f3n de plazos renditivos, procesales y administrativos para los cuentadantes de todas las jurisdicciones, tanto provinciales como municipales.<\/p>\n<p>Asimismo, mientras dure el aislamiento social preventivo y obligatorio, todo el personal del Tribunal de Cuentas se encuentra trabajando en el horario habitual de trabajo, ya sea en forma virtual o presencial.<\/p>\n<p>Es importante recordar que, hasta el 24 de mayo, salvo habilitaci\u00f3n expresa, motivada por asuntos cuyo tratamiento no admita dilaci\u00f3n, contin\u00faa la suspensi\u00f3n de plazos renditivos, procesales y administrativos para los cuentadantes.<\/p>\n","protected":false},"excerpt":{"rendered":"<p>En pos de dinamizar el trabajo diario, el Tribunal de Cuentas de Entre R\u00edos habilit\u00f3 el receso extraordinario para la tramitaci\u00f3n interna de expedientes y cuentas que est\u00e9n en curso, o que ingresen al organismo. Contin\u00faa la suspensi\u00f3n de plazos renditivos, procesales y administrativos para los cuentadantes hasta el 24 de mayo &nbsp; &nbsp; El Tribunal de Cuentas de la provincia, mediante Resoluci\u00f3n N\u00ba 185\/2020, decidi\u00f3 extender el receso extraordinario vigente por razones sanitarias, hasta el d\u00eda 24 de mayo, con los lineamientos de trabajo establecidos por la Resoluci\u00f3n N\u00b0&#8230;<\/p>\n","protected":false},"author":3,"featured_media":46669,"comment_status":"closed","ping_status":"closed","sticky":false,"template":"","format":"standard","meta":[],"categories":[15],"tags":[],"_links":{"self":[{"href":"https:\/\/www.actualidadadiario.com\/index.php\/wp-json\/wp\/v2\/posts\/61396"}],"collection":[{"href":"https:\/\/www.actualidadadiario.com\/index.php\/wp-json\/wp\/v2\/posts"}],"about":[{"href":"https:\/\/www.actualidadadiario.com\/index.php\/wp-json\/wp\/v2\/types\/post"}],"author":[{"embeddable":true,"href":"https:\/\/www.actualidadadiario.com\/index.php\/wp-json\/wp\/v2\/users\/3"}],"replies":[{"embeddable":true,"href":"https:\/\/www.actualidadadiario.com\/index.php\/wp-json\/wp\/v2\/comments?post=61396"}],"version-history":[{"count":1,"href":"https:\/\/www.actualidadadiario.com\/index.php\/wp-json\/wp\/v2\/posts\/61396\/revisions"}],"predecessor-version":[{"id":61397,"href":"https:\/\/www.actualidadadiario.com\/index.php\/wp-json\/wp\/v2\/posts\/61396\/revisions\/61397"}],"wp:featuredmedia":[{"embeddable":true,"href":"https:\/\/www.actualidadadiario.com\/index.php\/wp-json\/wp\/v2\/media\/46669"}],"wp:attachment":[{"href":"https:\/\/www.actualidadadiario.com\/index.php\/wp-json\/wp\/v2\/media?parent=61396"}],"wp:term":[{"taxonomy":"category","embeddable":true,"href":"https:\/\/www.actualidadadiario.com\/index.php\/wp-json\/wp\/v2\/categories?post=61396"},{"taxonomy":"post_tag","embeddable":true,"href":"https:\/\/www.actualidadadiario.com\/index.php\/wp-json\/wp\/v2\/tags?post=61396"}],"curies":[{"name":"wp","href":"https:\/\/api.w.org\/{rel}","templated":true}]}}