{"id":61393,"date":"2020-05-15T12:52:22","date_gmt":"2020-05-15T15:52:22","guid":{"rendered":"https:\/\/www.actualidadadiario.com\/?p=61393"},"modified":"2020-05-15T12:52:22","modified_gmt":"2020-05-15T15:52:22","slug":"giano-recibio-a-autoridades-del-colegio-abogados-de-entre-rios","status":"publish","type":"post","link":"https:\/\/www.actualidadadiario.com\/index.php\/2020\/05\/15\/giano-recibio-a-autoridades-del-colegio-abogados-de-entre-rios\/","title":{"rendered":"Giano recibi\u00f3 a autoridades del Colegio Abogados de Entre R\u00edos"},"content":{"rendered":"<p style=\"text-align: center;\"><em><strong>El presidente de la C\u00e1mara de Diputados de Entre R\u00edos, \u00c1ngel Giano, recibi\u00f3 a integrantes de la Comisi\u00f3n Directiva del Colegio de Abogados provincial quienes le plantearon la situaci\u00f3n actual de la profesi\u00f3n como consecuencia de la pandemia<\/strong><\/em><\/p>\n<p>&nbsp;<\/p>\n<p>&nbsp;<\/p>\n<p>Desde la entidad se refirieron al funcionamiento actual del Servicio de Justicia, la situaci\u00f3n de las y los matriculados &#8211; alrededor de tres mil profesionales que ejercen la abogac\u00eda- y la tramitaci\u00f3n de las causas judiciales en el contexto de las restricciones debido al aislamiento, social, preventivo y obligatorio dispuesto por la pandemia por Covid.<\/p>\n<p>Junto al presidente de la C\u00e1mara estuvieron el diputado Jorge C\u00e1ceres y el presidente del Colegio de profesionales de la Abogac\u00eda, Alejandro Daniel Canavesio, e integrantes de la Comisi\u00f3n Directiva.<\/p>\n","protected":false},"excerpt":{"rendered":"<p>El presidente de la C\u00e1mara de Diputados de Entre R\u00edos, \u00c1ngel Giano, recibi\u00f3 a integrantes de la Comisi\u00f3n Directiva del Colegio de Abogados provincial quienes le plantearon la situaci\u00f3n actual de la profesi\u00f3n como consecuencia de la pandemia &nbsp; &nbsp; Desde la entidad se refirieron al funcionamiento actual del Servicio de Justicia, la situaci\u00f3n de las y los matriculados &#8211; alrededor de tres mil profesionales que ejercen la abogac\u00eda- y la tramitaci\u00f3n de las causas judiciales en el contexto de las restricciones debido al aislamiento, social, preventivo y obligatorio dispuesto&#8230;<\/p>\n","protected":false},"author":3,"featured_media":61394,"comment_status":"closed","ping_status":"closed","sticky":false,"template":"","format":"standard","meta":[],"categories":[15],"tags":[],"_links":{"self":[{"href":"https:\/\/www.actualidadadiario.com\/index.php\/wp-json\/wp\/v2\/posts\/61393"}],"collection":[{"href":"https:\/\/www.actualidadadiario.com\/index.php\/wp-json\/wp\/v2\/posts"}],"about":[{"href":"https:\/\/www.actualidadadiario.com\/index.php\/wp-json\/wp\/v2\/types\/post"}],"author":[{"embeddable":true,"href":"https:\/\/www.actualidadadiario.com\/index.php\/wp-json\/wp\/v2\/users\/3"}],"replies":[{"embeddable":true,"href":"https:\/\/www.actualidadadiario.com\/index.php\/wp-json\/wp\/v2\/comments?post=61393"}],"version-history":[{"count":1,"href":"https:\/\/www.actualidadadiario.com\/index.php\/wp-json\/wp\/v2\/posts\/61393\/revisions"}],"predecessor-version":[{"id":61395,"href":"https:\/\/www.actualidadadiario.com\/index.php\/wp-json\/wp\/v2\/posts\/61393\/revisions\/61395"}],"wp:featuredmedia":[{"embeddable":true,"href":"https:\/\/www.actualidadadiario.com\/index.php\/wp-json\/wp\/v2\/media\/61394"}],"wp:attachment":[{"href":"https:\/\/www.actualidadadiario.com\/index.php\/wp-json\/wp\/v2\/media?parent=61393"}],"wp:term":[{"taxonomy":"category","embeddable":true,"href":"https:\/\/www.actualidadadiario.com\/index.php\/wp-json\/wp\/v2\/categories?post=61393"},{"taxonomy":"post_tag","embeddable":true,"href":"https:\/\/www.actualidadadiario.com\/index.php\/wp-json\/wp\/v2\/tags?post=61393"}],"curies":[{"name":"wp","href":"https:\/\/api.w.org\/{rel}","templated":true}]}}