{"id":61391,"date":"2020-05-15T12:51:40","date_gmt":"2020-05-15T15:51:40","guid":{"rendered":"https:\/\/www.actualidadadiario.com\/?p=61391"},"modified":"2020-05-15T12:51:40","modified_gmt":"2020-05-15T15:51:40","slug":"el-gobierno-fijo-los-nuevos-valores-del-impuesto-inmobiliario-rural-con-un-aumento-del-orden-del-45","status":"publish","type":"post","link":"https:\/\/www.actualidadadiario.com\/index.php\/2020\/05\/15\/el-gobierno-fijo-los-nuevos-valores-del-impuesto-inmobiliario-rural-con-un-aumento-del-orden-del-45\/","title":{"rendered":"El gobierno fij\u00f3 los nuevos valores del Impuesto Inmobiliario Rural con un aumento del orden del 45%"},"content":{"rendered":"<p style=\"text-align: center;\"><em><strong>Mediante el decreto N\u00ba 661, el gobierno provincial fij\u00f3 los Valores Unitarios B\u00e1sicos, que se aplicar\u00e1n para la liquidaci\u00f3n del Impuesto Inmobiliario Rural en el a\u00f1o fiscal 2020. Debido a la cuarentena, se hab\u00eda postergado la actualizaci\u00f3n y prorrogado los vencimientos para mayo. El campo reconoci\u00f3 que el aumento \u201cest\u00e1 dentro de los par\u00e1metros\u201d previstos, pero volvi\u00f3 a reclamar que \u201cse vuelque en obras, en servicios, en caminos\u201d<\/strong><\/em><\/p>\n<p>&nbsp;<\/p>\n<p>&nbsp;<\/p>\n<p>Mediante decreto, publicado el martes en el Bolet\u00edn Oficial, el gobierno aprob\u00f3 \u201clos Valores Unitarios B\u00e1sicos por hect\u00e1rea de la tierra libre de mejoras aplicables a las parcelas rurales de cada una de las 37 Zonas Agroecol\u00f3gicas Econ\u00f3micas Uniformes del territorio provincial, para el periodo fiscal 2020\u201d.<\/p>\n<p>El vicepresidente de Federaci\u00f3n Agraria Argentina (FAA), Elvio Gu\u00eda, dijo que el incremento \u201crepresenta un 45% de promedio\u201d y explic\u00f3 que se encuentra dentro de los par\u00e1metros previstos. \u201cNo estamos en desacuerdo con el aumento, pero queremos que se vuelque en obras, en servicios, en caminos, esa la discusi\u00f3n que se ha venido teniendo en este \u00faltimo tiempo\u201d, cont\u00f3.<\/p>\n<p>El decreto se conoci\u00f3 pocos d\u00edas antes del vencimiento, establecido por ATER entre el 20 y 22 de mayo, por lo que los productores est\u00e1n pidiendo una postergaci\u00f3n por una semana o 10 d\u00edas poder organizar el pago. \u201cHay que tener en cuenta que hay productores que est\u00e1n lejos, que hay que ir a la ciudad, bajar las planillas, pagarlas en un Rapipago o Entre R\u00edos Servicios\u201d, situaci\u00f3n que se complica a\u00fan m\u00e1s con la pandemia, admiti\u00f3 Gu\u00eda.<\/p>\n<p>Adem\u00e1s quieren evitar que muchos productores pierdan los beneficios que se otorgan por el pago contado. De acuerdo a la norma, habr\u00e1 un descuento del 10% en concepto de Buen Pagador para los contribuyentes tanto del Inmobiliario Rural como Subrural, y un descuento en concepto de \u201cPronto Pago\u201d del 2,5%.<\/p>\n<p>Gu\u00eda explic\u00f3 que el incremento est\u00e1 dentro de \u201clo previsible\u201d, teniendo en cuenta la inflaci\u00f3n del a\u00f1o anterior, y el aumento, en porcentajes similares, del inmobiliario urbano. Los planteos del sector rural se centran en la falta de retribuci\u00f3n por parte del Estado. \u201cNo tenemos un servicio adecuado, una alcantarilla, un camino, y los productores tiene que salir y arreglarlo ellos mismos, eso es lo que trae malestar\u201d, reconoci\u00f3.<\/p>\n<p>&nbsp;<\/p>\n<p><strong>Reuni\u00f3n con el gobierno<\/strong><\/p>\n<p>El sector tiene expectativas de poder reunirse con el gobierno provincial a fines de mayo para avanzar en una agenda que qued\u00f3 frenada por la pandemia. \u201cHay muchas cosas que tenemos que charlar como infraestructura, buenas pr\u00e1cticas agr\u00edcolas, ley de suelo\u201d, anticipo el dirigente de FAA. Y explic\u00f3 que \u201csi bien tenemos comunicaci\u00f3n telef\u00f3nica, no es lo mismo que una reuni\u00f3n de trabajo, as\u00ed que esperemos que para fin de mes podamos tener alg\u00fan acercamiento para sentarnos a ver c\u00f3mo seguimos y c\u00f3mo podemos ayudar desde el sector productivo a salir lo m\u00e1s r\u00e1pido que podamos\u201d, precis\u00f3 Gu\u00eda.<\/p>\n","protected":false},"excerpt":{"rendered":"<p>Mediante el decreto N\u00ba 661, el gobierno provincial fij\u00f3 los Valores Unitarios B\u00e1sicos, que se aplicar\u00e1n para la liquidaci\u00f3n del Impuesto Inmobiliario Rural en el a\u00f1o fiscal 2020. Debido a la cuarentena, se hab\u00eda postergado la actualizaci\u00f3n y prorrogado los vencimientos para mayo. El campo reconoci\u00f3 que el aumento \u201cest\u00e1 dentro de los par\u00e1metros\u201d previstos, pero volvi\u00f3 a reclamar que \u201cse vuelque en obras, en servicios, en caminos\u201d &nbsp; &nbsp; Mediante decreto, publicado el martes en el Bolet\u00edn Oficial, el gobierno aprob\u00f3 \u201clos Valores Unitarios B\u00e1sicos por hect\u00e1rea de la&#8230;<\/p>\n","protected":false},"author":3,"featured_media":42790,"comment_status":"closed","ping_status":"closed","sticky":false,"template":"","format":"standard","meta":[],"categories":[15],"tags":[],"_links":{"self":[{"href":"https:\/\/www.actualidadadiario.com\/index.php\/wp-json\/wp\/v2\/posts\/61391"}],"collection":[{"href":"https:\/\/www.actualidadadiario.com\/index.php\/wp-json\/wp\/v2\/posts"}],"about":[{"href":"https:\/\/www.actualidadadiario.com\/index.php\/wp-json\/wp\/v2\/types\/post"}],"author":[{"embeddable":true,"href":"https:\/\/www.actualidadadiario.com\/index.php\/wp-json\/wp\/v2\/users\/3"}],"replies":[{"embeddable":true,"href":"https:\/\/www.actualidadadiario.com\/index.php\/wp-json\/wp\/v2\/comments?post=61391"}],"version-history":[{"count":1,"href":"https:\/\/www.actualidadadiario.com\/index.php\/wp-json\/wp\/v2\/posts\/61391\/revisions"}],"predecessor-version":[{"id":61392,"href":"https:\/\/www.actualidadadiario.com\/index.php\/wp-json\/wp\/v2\/posts\/61391\/revisions\/61392"}],"wp:featuredmedia":[{"embeddable":true,"href":"https:\/\/www.actualidadadiario.com\/index.php\/wp-json\/wp\/v2\/media\/42790"}],"wp:attachment":[{"href":"https:\/\/www.actualidadadiario.com\/index.php\/wp-json\/wp\/v2\/media?parent=61391"}],"wp:term":[{"taxonomy":"category","embeddable":true,"href":"https:\/\/www.actualidadadiario.com\/index.php\/wp-json\/wp\/v2\/categories?post=61391"},{"taxonomy":"post_tag","embeddable":true,"href":"https:\/\/www.actualidadadiario.com\/index.php\/wp-json\/wp\/v2\/tags?post=61391"}],"curies":[{"name":"wp","href":"https:\/\/api.w.org\/{rel}","templated":true}]}}