{"id":61388,"date":"2020-05-15T12:50:47","date_gmt":"2020-05-15T15:50:47","guid":{"rendered":"https:\/\/www.actualidadadiario.com\/?p=61388"},"modified":"2020-05-15T12:50:47","modified_gmt":"2020-05-15T15:50:47","slug":"la-provincia-fortalece-el-trabajo-articulado-con-el-municipio-de-concordia-en-materia-de-asistencia-alimentaria","status":"publish","type":"post","link":"https:\/\/www.actualidadadiario.com\/index.php\/2020\/05\/15\/la-provincia-fortalece-el-trabajo-articulado-con-el-municipio-de-concordia-en-materia-de-asistencia-alimentaria\/","title":{"rendered":"La provincia fortalece el trabajo articulado con el municipio de Concordia en materia de asistencia alimentaria"},"content":{"rendered":"<p style=\"text-align: center;\"><em><strong>En el marco de la estrategia elaborada por el municipio de Concordia para atender la emergencia alimentaria, se llev\u00f3 a cabo un encuentro entre el Ministerio de Desarrollo Social de la provincia con autoridades locales, distintas organizaciones de la sociedad civil y del Ej\u00e9rcito<\/strong><\/em><\/p>\n<p>&nbsp;<\/p>\n<p>&nbsp;<\/p>\n<p>La ministra de Desarrollo Social, Marisa Paira, mantuvo una reuni\u00f3n este jueves en el municipio concordiense con el intendente Alfredo Francolini; el Teniente Coronel Pablo Trinchieri, jefe del Regimiento del Ej\u00e9rcito Argentino local; el padre Ram\u00f3n Galarza, de la Parroquia San Cayetano de Ayu\u00ed; el padre Daniel Petel\u00edn, de la Capilla San Andr\u00e9s; el padre Roberto Percara, de la Parroquia Nuestra Se\u00f1ora Del Carmen; y Luis Belmonte, de la Asociaci\u00f3n Civil, Cultural y Deportiva Red Nebel. El objetivo fue fortalecer las acciones conjuntas para dar respuestas integrales a las demandas de las comunidades en este contexto de la emergencia sanitaria producida por la pandemia del Covid-19.<\/p>\n<p>\u201cEs fundamental compartir en cada territorio los esfuerzos individuales, poder pensar juntos socializando miradas que nos posibiliten continuar consolidando una estrategia de atenci\u00f3n que pueda llegar a toda la poblaci\u00f3n. Este abordaje nos permite fortalecer el tejido social a partir de acompa\u00f1ar a quienes lo necesitan desde una mirada conjunta con las organizaciones de la sociedad civil\u201d, se\u00f1al\u00f3 Paira.<\/p>\n<p>Por su parte Francolini afirm\u00f3: \u201cEs importante para nosotros profundizar el trabajo articulado que llevamos adelante con el Gobierno de la Provincia. En momentos como estos los municipios enfrentan m\u00faltiples desaf\u00edos que exigen mayor atenci\u00f3n y esfuerzo. Saber que no estamos solos en esta lucha es un gran respaldo para los intendentes\u201d.<\/p>\n<p>Adem\u00e1s, las autoridades informaron que se abordaron las distintas problem\u00e1ticas que se detectan en los espacios donde brindan asistencia alimentaria y los canales institucionales con los que se cuenta para generar respuestas integrales que involucren a las distintas \u00e1reas tanto provinciales como municipales.<\/p>\n<p>Tambi\u00e9n participaron de la reuni\u00f3n la coordinadora del Ministerio de Desarrollo Social en Concordia, Marcela Sbresso; el secretario de Desarrollo Social del municipio, Amadeo Cresto; y el Coordinador de log\u00edstica del Comit\u00e9 Operativo de Emergencia local, Mauricio Alegre.<\/p>\n","protected":false},"excerpt":{"rendered":"<p>En el marco de la estrategia elaborada por el municipio de Concordia para atender la emergencia alimentaria, se llev\u00f3 a cabo un encuentro entre el Ministerio de Desarrollo Social de la provincia con autoridades locales, distintas organizaciones de la sociedad civil y del Ej\u00e9rcito &nbsp; &nbsp; La ministra de Desarrollo Social, Marisa Paira, mantuvo una reuni\u00f3n este jueves en el municipio concordiense con el intendente Alfredo Francolini; el Teniente Coronel Pablo Trinchieri, jefe del Regimiento del Ej\u00e9rcito Argentino local; el padre Ram\u00f3n Galarza, de la Parroquia San Cayetano de Ayu\u00ed;&#8230;<\/p>\n","protected":false},"author":3,"featured_media":61389,"comment_status":"closed","ping_status":"closed","sticky":false,"template":"","format":"standard","meta":[],"categories":[15],"tags":[],"_links":{"self":[{"href":"https:\/\/www.actualidadadiario.com\/index.php\/wp-json\/wp\/v2\/posts\/61388"}],"collection":[{"href":"https:\/\/www.actualidadadiario.com\/index.php\/wp-json\/wp\/v2\/posts"}],"about":[{"href":"https:\/\/www.actualidadadiario.com\/index.php\/wp-json\/wp\/v2\/types\/post"}],"author":[{"embeddable":true,"href":"https:\/\/www.actualidadadiario.com\/index.php\/wp-json\/wp\/v2\/users\/3"}],"replies":[{"embeddable":true,"href":"https:\/\/www.actualidadadiario.com\/index.php\/wp-json\/wp\/v2\/comments?post=61388"}],"version-history":[{"count":1,"href":"https:\/\/www.actualidadadiario.com\/index.php\/wp-json\/wp\/v2\/posts\/61388\/revisions"}],"predecessor-version":[{"id":61390,"href":"https:\/\/www.actualidadadiario.com\/index.php\/wp-json\/wp\/v2\/posts\/61388\/revisions\/61390"}],"wp:featuredmedia":[{"embeddable":true,"href":"https:\/\/www.actualidadadiario.com\/index.php\/wp-json\/wp\/v2\/media\/61389"}],"wp:attachment":[{"href":"https:\/\/www.actualidadadiario.com\/index.php\/wp-json\/wp\/v2\/media?parent=61388"}],"wp:term":[{"taxonomy":"category","embeddable":true,"href":"https:\/\/www.actualidadadiario.com\/index.php\/wp-json\/wp\/v2\/categories?post=61388"},{"taxonomy":"post_tag","embeddable":true,"href":"https:\/\/www.actualidadadiario.com\/index.php\/wp-json\/wp\/v2\/tags?post=61388"}],"curies":[{"name":"wp","href":"https:\/\/api.w.org\/{rel}","templated":true}]}}