{"id":61385,"date":"2020-05-15T12:49:58","date_gmt":"2020-05-15T15:49:58","guid":{"rendered":"https:\/\/www.actualidadadiario.com\/?p=61385"},"modified":"2020-05-15T12:49:58","modified_gmt":"2020-05-15T15:49:58","slug":"cafesg-impulsa-la-pequena-y-mediana-produccion-horticola-en-federacion","status":"publish","type":"post","link":"https:\/\/www.actualidadadiario.com\/index.php\/2020\/05\/15\/cafesg-impulsa-la-pequena-y-mediana-produccion-horticola-en-federacion\/","title":{"rendered":"Cafesg impulsa la peque\u00f1a y mediana producci\u00f3n hort\u00edcola en Federaci\u00f3n"},"content":{"rendered":"<p style=\"text-align: center;\"><em><strong>En la ma\u00f1ana del jueves en las oficinas que la Comisi\u00f3n Administradora para el Fondo Especial de Salto Grande tiene en la ciudad de Federaci\u00f3n, el presidente del organismo provincial, Luis Benedetto, hizo entrega, junto al intendente Ricardo Bravo y a vocales de CAFESG, de kits del programa Pro Huerta que es impulsado desde INTA<\/strong><\/em><\/p>\n<p>&nbsp;<\/p>\n<p>&nbsp;<\/p>\n<p>Se entregaron de manera simb\u00f3lica siete kits, de un total de cincuenta, a fin de respetar y mantener los protocolos previstos por la pandemia y evitar as\u00ed la presencia de muchas personas.<\/p>\n<p>Durante el lanzamiento del programa, Benedetto se\u00f1al\u00f3 que \u201cdentro de las pol\u00edticas de CAFESG que nuestro gobernador nos ha solicitado y que est\u00e1 en sinton\u00eda con lo solicitado desde el Gobierno Nacional, est\u00e1 el apoyo a la sociedad en este momento muy particular y doloroso que estamos atravesando por la pandemia, es as\u00ed que buscamos acercar todas las herramientas disponibles para favorecer el desarrollo de los vecinos, y sobre todo para los micro emprendedores que son quienes a trav\u00e9s del acceso a esas herramientas pueden mantener, incentivar y generar puestos de trabajo\u201d.<\/p>\n<p>\u201cEn este caso, Pro Huerta es una herramienta muy \u00fatil y demandada por los horticultores de la regi\u00f3n, ya sea para emprendimientos comerciales como para huertas familiares; y quiero se\u00f1alar que as\u00ed como nos sumamos a este programa, desde CAFESG y CTM estamos trabajando en la adaptaci\u00f3n de otras acciones de desarrollo a las circunstancias actuales porque entendemos que es en estos momentos cuando el Estado, a trav\u00e9s de sus pol\u00edticas p\u00fablicas, tiene que estar m\u00e1s cerca que nunca de los vecinos\u201d ampli\u00f3 el actual presidente de CAFESG y de la DACTM.<\/p>\n<p>Benedetto se\u00f1al\u00f3 adem\u00e1s que en relaci\u00f3n con la etapa siguiente a la de la producci\u00f3n, que es la de comercializaci\u00f3n, \u201chay una experiencia muy interesante que se desarrolla en Feliciano, del tipo ferias populares y que los vocales de CAFESG ya han visitado y establecido contacto con los productores y queremos ver de replicarla en otras localidades de la regi\u00f3n\u201d finaliz\u00f3 el funcionario.<\/p>\n<p>En tanto, Ricardo Bravo agradeci\u00f3 \u201cal presidente de CAFESG y a los vocales por este lanzamiento en nuestra ciudad, que lo que hace es potenciar lo que venimos haciendo desde el \u00e1rea de producci\u00f3n municipal, y no tengo dudas que ser\u00e1 un \u00e9xito porque hay una demanda muy alta de este tipo de programas\u201d.<\/p>\n<p>\u201cEsto es muy importante para las econom\u00edas familiares, y puede ser un primer paso para que algunas familias se animen a comercializar parte de esa producci\u00f3n y as\u00ed poder generar ingresos genuinos para sus hogares\u201d finaliz\u00f3 el presidente municipal de Federaci\u00f3n.<\/p>\n<p>Por su parte, Celeste Lorenz, quien desde su rol de vocal de CAFESG fue la encargada de articular entre este y el INTA para llevar adelante esta acci\u00f3n conjunta, se mostr\u00f3 agradecida con \u201cla predisposici\u00f3n desde un primer momento del presidente de nuestro organismo, Luis Benedetto, para poner en agenda la programaci\u00f3n y ejecuci\u00f3n de este tipo de acciones desde el \u00e1rea de desarrollo regional que tenemos en CAFESG, tendientes a acercar m\u00e1s posibilidades de acceso a los peque\u00f1os y medianos emprendimientos que son los que generan empleo y permiten el sost\u00e9n familiar de muchas personas\u201d.<\/p>\n<p>\u201cSi bien CAFESG hace a\u00f1os que acompa\u00f1a a INTA en este programa, en esta temporada de siembra lo que le agregamos es el acompa\u00f1amiento a los beneficiarios del programa, vamos a asesorarlos y hacer el seguimiento de la producci\u00f3n desde el primer momento con la idea de que en el futuro, si esa persona est\u00e1 interesada, tambi\u00e9n pueda comercializar el producido de la siembra\u201d, dijo Lorenz.<\/p>\n<p>Por \u00faltimo, inform\u00f3 la vocal de CAFESG que \u201caparte de la entrega de hoy abriremos las solicitudes para los interesados y la semana que viene seguiremos con las entregas\u201d.<\/p>\n<p>Tambi\u00e9n formaron parte del acto de lanzamiento del programa los vocales de CAFESG, Eduardo Mozetic y Rub\u00e9n Rastelli.<\/p>\n","protected":false},"excerpt":{"rendered":"<p>En la ma\u00f1ana del jueves en las oficinas que la Comisi\u00f3n Administradora para el Fondo Especial de Salto Grande tiene en la ciudad de Federaci\u00f3n, el presidente del organismo provincial, Luis Benedetto, hizo entrega, junto al intendente Ricardo Bravo y a vocales de CAFESG, de kits del programa Pro Huerta que es impulsado desde INTA &nbsp; &nbsp; Se entregaron de manera simb\u00f3lica siete kits, de un total de cincuenta, a fin de respetar y mantener los protocolos previstos por la pandemia y evitar as\u00ed la presencia de muchas personas. Durante&#8230;<\/p>\n","protected":false},"author":3,"featured_media":61386,"comment_status":"closed","ping_status":"closed","sticky":false,"template":"","format":"standard","meta":[],"categories":[15],"tags":[],"_links":{"self":[{"href":"https:\/\/www.actualidadadiario.com\/index.php\/wp-json\/wp\/v2\/posts\/61385"}],"collection":[{"href":"https:\/\/www.actualidadadiario.com\/index.php\/wp-json\/wp\/v2\/posts"}],"about":[{"href":"https:\/\/www.actualidadadiario.com\/index.php\/wp-json\/wp\/v2\/types\/post"}],"author":[{"embeddable":true,"href":"https:\/\/www.actualidadadiario.com\/index.php\/wp-json\/wp\/v2\/users\/3"}],"replies":[{"embeddable":true,"href":"https:\/\/www.actualidadadiario.com\/index.php\/wp-json\/wp\/v2\/comments?post=61385"}],"version-history":[{"count":1,"href":"https:\/\/www.actualidadadiario.com\/index.php\/wp-json\/wp\/v2\/posts\/61385\/revisions"}],"predecessor-version":[{"id":61387,"href":"https:\/\/www.actualidadadiario.com\/index.php\/wp-json\/wp\/v2\/posts\/61385\/revisions\/61387"}],"wp:featuredmedia":[{"embeddable":true,"href":"https:\/\/www.actualidadadiario.com\/index.php\/wp-json\/wp\/v2\/media\/61386"}],"wp:attachment":[{"href":"https:\/\/www.actualidadadiario.com\/index.php\/wp-json\/wp\/v2\/media?parent=61385"}],"wp:term":[{"taxonomy":"category","embeddable":true,"href":"https:\/\/www.actualidadadiario.com\/index.php\/wp-json\/wp\/v2\/categories?post=61385"},{"taxonomy":"post_tag","embeddable":true,"href":"https:\/\/www.actualidadadiario.com\/index.php\/wp-json\/wp\/v2\/tags?post=61385"}],"curies":[{"name":"wp","href":"https:\/\/api.w.org\/{rel}","templated":true}]}}