{"id":61382,"date":"2020-05-15T12:49:12","date_gmt":"2020-05-15T15:49:12","guid":{"rendered":"https:\/\/www.actualidadadiario.com\/?p=61382"},"modified":"2020-05-15T12:49:12","modified_gmt":"2020-05-15T15:49:12","slug":"bordet-y-kueider-analizaron-estrategias-para-la-provincia-de-cara-a-la-cuarta-fase-del-aislamiento-social","status":"publish","type":"post","link":"https:\/\/www.actualidadadiario.com\/index.php\/2020\/05\/15\/bordet-y-kueider-analizaron-estrategias-para-la-provincia-de-cara-a-la-cuarta-fase-del-aislamiento-social\/","title":{"rendered":"Bordet y Kueider analizaron estrategias para la provincia de cara a la cuarta fase del aislamiento social"},"content":{"rendered":"<p style=\"text-align: center;\"><em><strong>El gobernador Gustavo Bordet recibi\u00f3 este jueves al senador Nacional, Edgardo Kueider. Analizaron estrategias para Entre R\u00edos en el marco del ingreso de la provincia a la cuarta fase del aislamiento, que permiti\u00f3 la apertura de actividades industriales y de servicios<\/strong><\/em><\/p>\n<p>&nbsp;<\/p>\n<p>&nbsp;<\/p>\n<p>&#8220;La situaci\u00f3n general de la provincia de Entre R\u00edos, gestiones ante el gobierno nacional y la reactivaci\u00f3n econ\u00f3mica en el marco de la reapertura progresiva de las actividades&#8221;, fueron los ejes la charla que revel\u00f3 al t\u00e9rmino de la reuni\u00f3n el senador Kueider.<\/p>\n<p>&#8220;El trabajo realizado por el gobierno provincial en este contexto de emergencia sanitaria, sumado a la responsabilidad de los entrerrianos, nos ha permitido ingresar en una nueva etapa del aislamiento social, preventivo y obligatorio&#8221;, agreg\u00f3 el legislador nacional y subray\u00f3 que &#8220;gracias a los resultados que hemos tenido en la estrategia de salud, hoy la provincia ha podido reabrir el 90 por ciento de sus industrias y el 75 por ciento de otras actividades, servicios y oficios&#8221;.<\/p>\n<p>En ese sentido, el legislador nacional resalt\u00f3 que &#8220;La situaci\u00f3n social y econ\u00f3mica generada en todo el mundo con la aparici\u00f3n del Coronavirus ha significado enormes p\u00e9rdidas humanas en principio, y econ\u00f3micas en segundo t\u00e9rmino, a escala global. Sin embargo en nuestro pa\u00eds contamos con un Estado presente, ocup\u00e1ndose prioritariamente de proteger la salud de las personas, y llevando a cabo una inversi\u00f3n social hist\u00f3rica para paliar los efectos negativos de esta pandemia&#8221;.<\/p>\n<p>Kueider puso de relieve, adem\u00e1s, que &#8220;desde un primer momento el gobernador Bordet ha tomado este problema con la seriedad que algo as\u00ed requiere, y que es gracias a la declaraci\u00f3n de Estado de emergencia y el fortalecimiento del sistema sanitario, prepar\u00e1ndolo para poder dar respuesta, a una estrategia epidemiol\u00f3gica muy cuidada y al despliegue de pol\u00edticas sociales y productivas acordes, hoy Entre R\u00edos ha podido contener los casos de Coronavirus que surgieron y que podr\u00edan haber representado serios problemas en materia sanitaria&#8221;.<\/p>\n<p>En otro orden de cosas, Kueider puso de relieve la sesi\u00f3n virtual del Senado de la Naci\u00f3n llevada a cabo este mi\u00e9rcoles: &#8220;da cuenta de una fortaleza democr\u00e1tica poder sortear los impedimentos que nos impone la necesidad del aislamiento y seguir garantizando el funcionamiento de la institucionalidad democr\u00e1tica&#8221;.<\/p>\n<p>&#8220;M\u00e1s all\u00e1 de la prioridad que representa hoy la salud, la Argentina y la provincia de Entre R\u00edos, tienen temas centrales sobre los cuales debemos seguir trabajando para, justamente, preparar lo que ser\u00e1 la salida de esta pandemia. Son temas que hacen al federalismo, la distribuci\u00f3n de recursos, obras p\u00fablicas de envergadura e inversiones estrat\u00e9gicas para el desarrollo&#8221;, plante\u00f3.<\/p>\n","protected":false},"excerpt":{"rendered":"<p>El gobernador Gustavo Bordet recibi\u00f3 este jueves al senador Nacional, Edgardo Kueider. Analizaron estrategias para Entre R\u00edos en el marco del ingreso de la provincia a la cuarta fase del aislamiento, que permiti\u00f3 la apertura de actividades industriales y de servicios &nbsp; &nbsp; &#8220;La situaci\u00f3n general de la provincia de Entre R\u00edos, gestiones ante el gobierno nacional y la reactivaci\u00f3n econ\u00f3mica en el marco de la reapertura progresiva de las actividades&#8221;, fueron los ejes la charla que revel\u00f3 al t\u00e9rmino de la reuni\u00f3n el senador Kueider. &#8220;El trabajo realizado por&#8230;<\/p>\n","protected":false},"author":3,"featured_media":61383,"comment_status":"closed","ping_status":"closed","sticky":false,"template":"","format":"standard","meta":[],"categories":[15],"tags":[],"_links":{"self":[{"href":"https:\/\/www.actualidadadiario.com\/index.php\/wp-json\/wp\/v2\/posts\/61382"}],"collection":[{"href":"https:\/\/www.actualidadadiario.com\/index.php\/wp-json\/wp\/v2\/posts"}],"about":[{"href":"https:\/\/www.actualidadadiario.com\/index.php\/wp-json\/wp\/v2\/types\/post"}],"author":[{"embeddable":true,"href":"https:\/\/www.actualidadadiario.com\/index.php\/wp-json\/wp\/v2\/users\/3"}],"replies":[{"embeddable":true,"href":"https:\/\/www.actualidadadiario.com\/index.php\/wp-json\/wp\/v2\/comments?post=61382"}],"version-history":[{"count":1,"href":"https:\/\/www.actualidadadiario.com\/index.php\/wp-json\/wp\/v2\/posts\/61382\/revisions"}],"predecessor-version":[{"id":61384,"href":"https:\/\/www.actualidadadiario.com\/index.php\/wp-json\/wp\/v2\/posts\/61382\/revisions\/61384"}],"wp:featuredmedia":[{"embeddable":true,"href":"https:\/\/www.actualidadadiario.com\/index.php\/wp-json\/wp\/v2\/media\/61383"}],"wp:attachment":[{"href":"https:\/\/www.actualidadadiario.com\/index.php\/wp-json\/wp\/v2\/media?parent=61382"}],"wp:term":[{"taxonomy":"category","embeddable":true,"href":"https:\/\/www.actualidadadiario.com\/index.php\/wp-json\/wp\/v2\/categories?post=61382"},{"taxonomy":"post_tag","embeddable":true,"href":"https:\/\/www.actualidadadiario.com\/index.php\/wp-json\/wp\/v2\/tags?post=61382"}],"curies":[{"name":"wp","href":"https:\/\/api.w.org\/{rel}","templated":true}]}}