{"id":61379,"date":"2020-05-15T12:48:26","date_gmt":"2020-05-15T15:48:26","guid":{"rendered":"https:\/\/www.actualidadadiario.com\/?p=61379"},"modified":"2020-05-15T12:48:26","modified_gmt":"2020-05-15T15:48:26","slug":"la-provincia-exceptuo-nuevas-actividades-del-cumplimiento-del-aislamiento-social-preventivo-y-obligatorio","status":"publish","type":"post","link":"https:\/\/www.actualidadadiario.com\/index.php\/2020\/05\/15\/la-provincia-exceptuo-nuevas-actividades-del-cumplimiento-del-aislamiento-social-preventivo-y-obligatorio\/","title":{"rendered":"La provincia exceptu\u00f3 nuevas actividades del cumplimiento del aislamiento social, preventivo y obligatorio"},"content":{"rendered":"<p style=\"text-align: center;\"><em><strong>El gobierno provincial exceptu\u00f3 nuevas actividades del aislamiento social, preventivo y obligatorio dispuesto por el gobierno nacional a ra\u00edz de la pandemia de coronavirus. La medida incluye a colegios profesiones, personal de casa particulares y productores ladrilleros artesanales<\/strong><\/em><\/p>\n<p>&nbsp;<\/p>\n<p>&nbsp;<\/p>\n<p>De este modo, a trav\u00e9s del Ministerio de Producci\u00f3n se emiti\u00f3 la resoluci\u00f3n 275 por la que se exceptu\u00f3 del cumplimiento del aislamiento social, preventivo y obligatorio y de la prohibici\u00f3n de circular al personal afectado al Colegio de Abogados de Entre R\u00edos y sus respectivas secciones y a la Caja Forense; y por resoluci\u00f3n 280, al Consejo Profesional de Ciencias Econ\u00f3micas y sus delegaciones.<\/p>\n<p>Asimismo, a trav\u00e9s de la resoluci\u00f3n 276 se estableci\u00f3 la excepci\u00f3n para el personal ocupado en Casas Particulares, en sus distintas categor\u00edas. Y por resoluci\u00f3n 279 a los productores ladrilleros artesanales.<\/p>\n<p>En todos los casos las actividades habilitadas deber\u00e1n dar cumplimiento a un protocolo que fue presentado y aprobado por la autoridad competente para su funcionamiento en el marco de las medidas vigentes.<\/p>\n<p>En los Considerando de las resoluciones se hace referencia a que la provincia adhiri\u00f3 al decreto de necesidad y urgencia N\u00ba 408, del Poder Ejecutivo Nacional, que establece la extensi\u00f3n del aislamiento social, preventivo y obligatorio declarado por decreto 297 del PEN hasta el 24 de mayo inclusive.<\/p>\n<p>Se menciona, adem\u00e1s, que por el art\u00edculo 1\u00ba del decreto 603 del Ministerio de Gobierno y Justicia, se design\u00f3 al Ministerio de Producci\u00f3n y al Ministerio de Salud a dictar las disposiciones correspondientes a los efectos de las autorizaciones para el funcionamiento de distintas actividades.<\/p>\n<p>En otro considerando, se advierte que \u201cresulta necesario para minimizar el impacto sanitario que puede tener la aparici\u00f3n de casos en el territorio que hasta el momento no se ha constatado la presencia del virus SARS-Cov-2, extremar las medidas de precauci\u00f3n y avanzar con lentitud en la habilitaci\u00f3n de actividades que generen mayor circulaci\u00f3n de personas y por lo tanto m\u00e1s riesgo\u201d.<\/p>\n","protected":false},"excerpt":{"rendered":"<p>El gobierno provincial exceptu\u00f3 nuevas actividades del aislamiento social, preventivo y obligatorio dispuesto por el gobierno nacional a ra\u00edz de la pandemia de coronavirus. La medida incluye a colegios profesiones, personal de casa particulares y productores ladrilleros artesanales &nbsp; &nbsp; De este modo, a trav\u00e9s del Ministerio de Producci\u00f3n se emiti\u00f3 la resoluci\u00f3n 275 por la que se exceptu\u00f3 del cumplimiento del aislamiento social, preventivo y obligatorio y de la prohibici\u00f3n de circular al personal afectado al Colegio de Abogados de Entre R\u00edos y sus respectivas secciones y a la&#8230;<\/p>\n","protected":false},"author":3,"featured_media":61380,"comment_status":"closed","ping_status":"closed","sticky":false,"template":"","format":"standard","meta":[],"categories":[9],"tags":[],"_links":{"self":[{"href":"https:\/\/www.actualidadadiario.com\/index.php\/wp-json\/wp\/v2\/posts\/61379"}],"collection":[{"href":"https:\/\/www.actualidadadiario.com\/index.php\/wp-json\/wp\/v2\/posts"}],"about":[{"href":"https:\/\/www.actualidadadiario.com\/index.php\/wp-json\/wp\/v2\/types\/post"}],"author":[{"embeddable":true,"href":"https:\/\/www.actualidadadiario.com\/index.php\/wp-json\/wp\/v2\/users\/3"}],"replies":[{"embeddable":true,"href":"https:\/\/www.actualidadadiario.com\/index.php\/wp-json\/wp\/v2\/comments?post=61379"}],"version-history":[{"count":1,"href":"https:\/\/www.actualidadadiario.com\/index.php\/wp-json\/wp\/v2\/posts\/61379\/revisions"}],"predecessor-version":[{"id":61381,"href":"https:\/\/www.actualidadadiario.com\/index.php\/wp-json\/wp\/v2\/posts\/61379\/revisions\/61381"}],"wp:featuredmedia":[{"embeddable":true,"href":"https:\/\/www.actualidadadiario.com\/index.php\/wp-json\/wp\/v2\/media\/61380"}],"wp:attachment":[{"href":"https:\/\/www.actualidadadiario.com\/index.php\/wp-json\/wp\/v2\/media?parent=61379"}],"wp:term":[{"taxonomy":"category","embeddable":true,"href":"https:\/\/www.actualidadadiario.com\/index.php\/wp-json\/wp\/v2\/categories?post=61379"},{"taxonomy":"post_tag","embeddable":true,"href":"https:\/\/www.actualidadadiario.com\/index.php\/wp-json\/wp\/v2\/tags?post=61379"}],"curies":[{"name":"wp","href":"https:\/\/api.w.org\/{rel}","templated":true}]}}