{"id":61376,"date":"2020-05-15T12:47:34","date_gmt":"2020-05-15T15:47:34","guid":{"rendered":"https:\/\/www.actualidadadiario.com\/?p=61376"},"modified":"2020-05-15T12:47:34","modified_gmt":"2020-05-15T15:47:34","slug":"bordet-instruyo-para-dar-continuidad-a-obras-electricas","status":"publish","type":"post","link":"https:\/\/www.actualidadadiario.com\/index.php\/2020\/05\/15\/bordet-instruyo-para-dar-continuidad-a-obras-electricas\/","title":{"rendered":"Bordet instruy\u00f3 para dar continuidad a obras el\u00e9ctricas"},"content":{"rendered":"<p style=\"text-align: center;\"><em><strong>La continuidad de las obras del Cierre Norte entrerriano y la pr\u00f3xima licitaci\u00f3n de la l\u00ednea el\u00e9ctrica de Puerto Ibicuy fueron algunos de los temas abordados por el gobernador Gustavo Bordet en un encuentro con el titular de la empresa Energ\u00eda de Entre R\u00edos (Enersa), Jorge Gonz\u00e1lez<\/strong><\/em><\/p>\n<p>&nbsp;<\/p>\n<p>&nbsp;<\/p>\n<p>Al respecto, Gonz\u00e1lez se\u00f1al\u00f3 que &#8220;fue una reuni\u00f3n de trabajo muy fruct\u00edfera porque repasamos en todo este per\u00edodo de aislamiento preventivo y obligatorio c\u00f3mo se ha comportado el servicio, fundamentalmente porque es un servicio esencial y m\u00e1s en estos momentos en que la salud requiere que sea continuo y de calidad&#8221;.<\/p>\n<p>En ese sentido, afirm\u00f3 que &#8220;hemos tenido un comportamiento muy bueno, debido a todas las inversiones, la planificaci\u00f3n y al plan a 10 a\u00f1os\u201d y destac\u00f3 que \u201cya antes de que se declarara el aislamiento obligatorio hab\u00edamos tomado las medidas con las cuadrillas; se hab\u00edan hecho los protocolos en los distintos lugares de trabajo para solamente hacer las obras que requirieran salud y los sectores productivos de alimentaci\u00f3n y atender los reclamos y urgencias\u201d.<\/p>\n<p>Por otra parte, coment\u00f3 que el mandatario le solicit\u00f3 la reactivaci\u00f3n de algunas obras \u201cque estaban neutralizadas o relentizadas en el norte, as\u00ed que las vamos a poner en funcionamiento. Concretamente, el primer tramo del Cierre Norte, que es Conquistadores-Federal, y posiblemente tambi\u00e9n la obra Conquistadores- Feliciano\u201d.<\/p>\n<p>\u201cSeguiremos trabajando con el norte entrerriano, porque necesita energ\u00eda y porque all\u00ed se est\u00e1n instalando producciones av\u00edcolas de envergadura y que requieren energ\u00eda&#8221;, subray\u00f3.<\/p>\n<p>En otro orden, indic\u00f3 que en el encuentro tambi\u00e9n \u201cse habl\u00f3 de las obras en hospitales, como el Pascual Palma y el hospital de Col\u00f3n; y el caso de los sectores productivos e industriales\u201d.<\/p>\n<p>Respecto a esto \u00faltimo, coment\u00f3 que \u201chemos tenido viodeoconferencias con la Uni\u00f3n Industrial de Entre R\u00edos y la Asociaci\u00f3n de Productores Arandaneros; en todos los casos se flexibiliza mucho un elemento, que es el cargo fijo por contrataci\u00f3n de potencia, que incide en los grandes usuarios sustancialmente en el monto de la factura. Lo que estamos haciendo es permitirles que contraten una potencia menor, y eso hace que inmediatamente se vea reflejado un menor valor en la factura&#8221;.<\/p>\n<p>&#8220;Le pedimos a los grandes usuarios que se contacten con la empresa y cada caso en particular es atendido; no hay un esquema de financiamiento general, cada caso es atendido de acuerdo a su circunstancia, ya que muchos han tenido cero producci\u00f3n o m\u00ednima, pero otro sectores han mantenido y han incrementado su producci\u00f3n y estos nos han pedido incremento de potencia, por lo que hemos tenido que hacer obras menores&#8221;.<\/p>\n<p>Finalmente, dijo que inform\u00f3 al gobernador de la apertura de los sobres de la licitaci\u00f3n de la obra de alimentaci\u00f3n el\u00e9ctrica al puerto de Ibicuy, que se realizar\u00e1 el viernes 12 de junio. \u201cEs una obra muy necesaria por la apertura que le ha dado el gobernador a los puertos y fundamentalmente al de Ibicuy. Se licita una l\u00ednea de alta tensi\u00f3n desde Gualeguaych\u00fa a Puerto Ibicuy en 132 y estaci\u00f3n transformadora y ya han comprado pliego tres grupos empresarios\u201d, apunt\u00f3.<\/p>\n","protected":false},"excerpt":{"rendered":"<p>La continuidad de las obras del Cierre Norte entrerriano y la pr\u00f3xima licitaci\u00f3n de la l\u00ednea el\u00e9ctrica de Puerto Ibicuy fueron algunos de los temas abordados por el gobernador Gustavo Bordet en un encuentro con el titular de la empresa Energ\u00eda de Entre R\u00edos (Enersa), Jorge Gonz\u00e1lez &nbsp; &nbsp; Al respecto, Gonz\u00e1lez se\u00f1al\u00f3 que &#8220;fue una reuni\u00f3n de trabajo muy fruct\u00edfera porque repasamos en todo este per\u00edodo de aislamiento preventivo y obligatorio c\u00f3mo se ha comportado el servicio, fundamentalmente porque es un servicio esencial y m\u00e1s en estos momentos en&#8230;<\/p>\n","protected":false},"author":3,"featured_media":61377,"comment_status":"closed","ping_status":"closed","sticky":false,"template":"","format":"standard","meta":[],"categories":[9],"tags":[],"_links":{"self":[{"href":"https:\/\/www.actualidadadiario.com\/index.php\/wp-json\/wp\/v2\/posts\/61376"}],"collection":[{"href":"https:\/\/www.actualidadadiario.com\/index.php\/wp-json\/wp\/v2\/posts"}],"about":[{"href":"https:\/\/www.actualidadadiario.com\/index.php\/wp-json\/wp\/v2\/types\/post"}],"author":[{"embeddable":true,"href":"https:\/\/www.actualidadadiario.com\/index.php\/wp-json\/wp\/v2\/users\/3"}],"replies":[{"embeddable":true,"href":"https:\/\/www.actualidadadiario.com\/index.php\/wp-json\/wp\/v2\/comments?post=61376"}],"version-history":[{"count":1,"href":"https:\/\/www.actualidadadiario.com\/index.php\/wp-json\/wp\/v2\/posts\/61376\/revisions"}],"predecessor-version":[{"id":61378,"href":"https:\/\/www.actualidadadiario.com\/index.php\/wp-json\/wp\/v2\/posts\/61376\/revisions\/61378"}],"wp:featuredmedia":[{"embeddable":true,"href":"https:\/\/www.actualidadadiario.com\/index.php\/wp-json\/wp\/v2\/media\/61377"}],"wp:attachment":[{"href":"https:\/\/www.actualidadadiario.com\/index.php\/wp-json\/wp\/v2\/media?parent=61376"}],"wp:term":[{"taxonomy":"category","embeddable":true,"href":"https:\/\/www.actualidadadiario.com\/index.php\/wp-json\/wp\/v2\/categories?post=61376"},{"taxonomy":"post_tag","embeddable":true,"href":"https:\/\/www.actualidadadiario.com\/index.php\/wp-json\/wp\/v2\/tags?post=61376"}],"curies":[{"name":"wp","href":"https:\/\/api.w.org\/{rel}","templated":true}]}}