{"id":61371,"date":"2020-05-14T14:59:14","date_gmt":"2020-05-14T17:59:14","guid":{"rendered":"https:\/\/www.actualidadadiario.com\/?p=61371"},"modified":"2020-05-14T14:59:14","modified_gmt":"2020-05-14T17:59:14","slug":"respuesta-de-los-padres-de-micaela-a-las-declaraciones-de-ricardo-bussi","status":"publish","type":"post","link":"https:\/\/www.actualidadadiario.com\/index.php\/2020\/05\/14\/respuesta-de-los-padres-de-micaela-a-las-declaraciones-de-ricardo-bussi\/","title":{"rendered":"Respuesta de los padres de Micaela a las declaraciones de Ricardo Bussi"},"content":{"rendered":"<p style=\"text-align: center;\"><em><strong>\u201cLa implementaci\u00f3n de la Ley Micaela es una urgencia p\u00fablica ante la violencia que sufren las mujeres y es una deuda \u00e9tica con todas las que ya no est\u00e1n\u201d, se\u00f1alaron N\u00e9stor Garc\u00eda y Andrea Lezcano, padre y madre de Micaela Garc\u00eda, en un comunicado que difundieron anoche<\/strong><\/em><\/p>\n<p>&nbsp;<\/p>\n<p>El mensaje surge como respuesta a la resistencia por parte de los miembros del poder legislativo de Tucum\u00e1n que se oponen a adherir a la Ley, y a las declaraciones de Ricardo Bussi, presidente del Bloque Fuerza Republicana de la provincia, quien afirm\u00f3 que \u201ceso del femicidio, de todas las ideolog\u00edas que est\u00e1n hoy de moda, nos parece totalmente extra\u00f1o a esta sociedad\u201d.<\/p>\n<p>En el comunicado, los padres de Micaela se\u00f1alaron que quienes se niegan a adherir a la Ley \u201cno lo hacen desde s\u00f3lidos argumentos legales ni t\u00e9cnicos, sino que lo hacen desde la negaci\u00f3n de una problem\u00e1tica que se lleva la vida de nuestras hijas, hermanas, madres, compa\u00f1eras y amigas\u201d. Tucum\u00e1n es la \u00fanica provincia que a\u00fan no adhiri\u00f3 a la Ley 27.499 que lleva el nombre de Micaela Garc\u00eda y que establece la creaci\u00f3n de un programa de capacitaci\u00f3n de g\u00e9nero y violencias contra las mujeres, con el objetivo de formar a todos los funcionarios p\u00fablicos de los distintos niveles del Estado.<\/p>\n<p>\u201cTenemos el orgullo de decir que pocas leyes de nuestro Congreso Nacional han sido tan democr\u00e1ticas como \u00e9sta\u201d, aseguraron Garc\u00eda y Lezcano a trav\u00e9s del comunicado difundido por la Fundaci\u00f3n Micaela, de la cual forman parte, y remarcaron que la norma \u201clleva el nombre de una joven violada y asesinada, y encarna tantas otras historias dolorosas y evitables, de vidas arrebatadas por la violencia machista y por un Estado que se revela incapaz de actuar oportunamente\u201d.<\/p>\n<p>En una entrevista radial, Bussi, legislador de la provincia de Tucum\u00e1n e hijo del genocida Antonio Bussi, hab\u00eda afirmado: \u201cno conozco casos de asesinatos por la condici\u00f3n de mujer, conozco a hombres que han asesinado mujeres por celos, por envidia, por depresi\u00f3n, por drogas, pero por el hecho de ser mujer, no conozco casos\u201d. Junto a Walter Berarducci y Nadina Pecci, presentaron un proyecto para modificar la Ley, a la que se oponen por considerarla parte de &#8220;una moda ideol\u00f3gica&#8221;.<\/p>\n<p>Tras la pol\u00e9mica, los padres de Micaela Garc\u00eda recordaron la lucha de su hija y afirmaron: \u201ctenemos el convencimiento que si la Ley hubiera existido tiempo atr\u00e1s y la provincia de Entre R\u00edos la hubiera aplicado, Micaela hoy la estar\u00eda militando junto a sus dem\u00e1s banderas\u201d.<\/p>\n","protected":false},"excerpt":{"rendered":"<p>\u201cLa implementaci\u00f3n de la Ley Micaela es una urgencia p\u00fablica ante la violencia que sufren las mujeres y es una deuda \u00e9tica con todas las que ya no est\u00e1n\u201d, se\u00f1alaron N\u00e9stor Garc\u00eda y Andrea Lezcano, padre y madre de Micaela Garc\u00eda, en un comunicado que difundieron anoche &nbsp; El mensaje surge como respuesta a la resistencia por parte de los miembros del poder legislativo de Tucum\u00e1n que se oponen a adherir a la Ley, y a las declaraciones de Ricardo Bussi, presidente del Bloque Fuerza Republicana de la provincia, quien&#8230;<\/p>\n","protected":false},"author":3,"featured_media":61372,"comment_status":"closed","ping_status":"closed","sticky":false,"template":"","format":"standard","meta":[],"categories":[4],"tags":[],"_links":{"self":[{"href":"https:\/\/www.actualidadadiario.com\/index.php\/wp-json\/wp\/v2\/posts\/61371"}],"collection":[{"href":"https:\/\/www.actualidadadiario.com\/index.php\/wp-json\/wp\/v2\/posts"}],"about":[{"href":"https:\/\/www.actualidadadiario.com\/index.php\/wp-json\/wp\/v2\/types\/post"}],"author":[{"embeddable":true,"href":"https:\/\/www.actualidadadiario.com\/index.php\/wp-json\/wp\/v2\/users\/3"}],"replies":[{"embeddable":true,"href":"https:\/\/www.actualidadadiario.com\/index.php\/wp-json\/wp\/v2\/comments?post=61371"}],"version-history":[{"count":1,"href":"https:\/\/www.actualidadadiario.com\/index.php\/wp-json\/wp\/v2\/posts\/61371\/revisions"}],"predecessor-version":[{"id":61373,"href":"https:\/\/www.actualidadadiario.com\/index.php\/wp-json\/wp\/v2\/posts\/61371\/revisions\/61373"}],"wp:featuredmedia":[{"embeddable":true,"href":"https:\/\/www.actualidadadiario.com\/index.php\/wp-json\/wp\/v2\/media\/61372"}],"wp:attachment":[{"href":"https:\/\/www.actualidadadiario.com\/index.php\/wp-json\/wp\/v2\/media?parent=61371"}],"wp:term":[{"taxonomy":"category","embeddable":true,"href":"https:\/\/www.actualidadadiario.com\/index.php\/wp-json\/wp\/v2\/categories?post=61371"},{"taxonomy":"post_tag","embeddable":true,"href":"https:\/\/www.actualidadadiario.com\/index.php\/wp-json\/wp\/v2\/tags?post=61371"}],"curies":[{"name":"wp","href":"https:\/\/api.w.org\/{rel}","templated":true}]}}