{"id":61368,"date":"2020-05-14T14:58:18","date_gmt":"2020-05-14T17:58:18","guid":{"rendered":"https:\/\/www.actualidadadiario.com\/?p=61368"},"modified":"2020-05-14T14:58:18","modified_gmt":"2020-05-14T17:58:18","slug":"bolsonaro-enfurecio-por-las-comparaciones-sobre-la-gestion-del-coronavirus","status":"publish","type":"post","link":"https:\/\/www.actualidadadiario.com\/index.php\/2020\/05\/14\/bolsonaro-enfurecio-por-las-comparaciones-sobre-la-gestion-del-coronavirus\/","title":{"rendered":"Bolsonaro enfureci\u00f3 por las comparaciones sobre la gesti\u00f3n del coronavirus"},"content":{"rendered":"<p style=\"text-align: center;\"><em><strong>El presidente de Brasil se enoj\u00f3 por una pregunta sobre la diferencia en el n\u00famero de muertos por coronavirus. &#8220;Seremos un pa\u00eds de miserables&#8221;, dijo en otra cr\u00edtica a la cuarentena<\/strong><\/em><\/p>\n<p>&nbsp;<\/p>\n<p>&nbsp;<\/p>\n<p>El presidente brasile\u00f1o, Jair Bolsonaro, reaccion\u00f3 este jueves con molestia a una pregunta de la prensa sobre la diferencia en el n\u00famero de muertos por coronavirus entre Brasil y Argentina, y respondi\u00f3 evasivamente alertando que nuestro pa\u00eds va &#8220;camino al socialismo&#8221;.<\/p>\n<p>Al hablar con periodistas en el Palacio de la Alvorada, la residencia oficial en Brasilia, Bolsonaro fustig\u00f3 a los gobernadores e intendentes de Brasil que ejecutan medidas de distanciamiento social, y afirm\u00f3 que su pa\u00eds se encamina a una realidad de &#8220;pobreza&#8221; y &#8220;miseria&#8221; similar a la de partes de \u00c1frica.<\/p>\n<p>Consultado sobre la diferencia de muertes por coronavirus entre Argentina y Brasil, teniendo en cuenta que los casos comenzaron a registrarse pr\u00e1cticamente en paralelo, a inicios de marzo, el mandatario ultraconservador enfureci\u00f3.<\/p>\n<p>&#8220;Es s\u00f3lo hacer la cuenta por mill\u00f3n de habitantes, pero hablemos de Suecia, que no cerr\u00f3 la econom\u00eda. Ustedes hablan del lado ideol\u00f3gico, ustedes hablan de un pa\u00eds que camina hacia el socialismo, que es la Argentina&#8221;, dijo Bolsonaro.<\/p>\n<p>Con 210 millones de habitantes -m\u00e1s de cuatro veces y media los de Argentina-, Brasil tiene ya m\u00e1s de 13.100 muertos por coronavirus y casi 190.000 casos, mientras que nuestro pa\u00eds registra m\u00e1s de 340 decesos y unos 6.800 contagios.<\/p>\n<p>El mandatario brasile\u00f1o volvi\u00f3 a la carga contra el cierre total o medidas de cuarentena que tomaron los gobernadores desde marzo sobre todo porque a\u00fan no lleg\u00f3 el pico de la enfermedad al pa\u00eds.<\/p>\n<p>&#8220;Esta historia del lockdown (cierre o cuarentena) es un fracaso, va a quebrar a Brasil. Les digo a los gobernadores que den marcha atr\u00e1s, que vamos a dialogar&#8221;, dijo.<\/p>\n<p>&#8220;Es mentira que habr\u00e1 recuperaci\u00f3n econ\u00f3mica. No se recuperar\u00e1. Seremos un pa\u00eds de miserables, hay que enfrenar el virus con coraje, morir\u00e1n muchos, lamento, lamento, lamento, pero morir\u00e1n m\u00e1s destrozados por hambre y falta de empleo&#8221;, subray\u00f3 Bolsonaro.<\/p>\n<p>El gobierno de Brasil calcul\u00f3 ayer que el Producto Bruto Interno (PBI) caer\u00e1 4,7% en 2020, mientras que la fuga de inversores de la plaza brasile\u00f1a provoc\u00f3 una devaluaci\u00f3n del real superior al 46% en lo que va del a\u00f1o.<\/p>\n<p>En tanto, Bolsonaro ech\u00f3 mano de la crisis por el coronavirus para publicar una medida provisional que exonera de responsabilidad penal a los agentes p\u00fablicos por las acciones u omisiones que hayan podido cometer intencionadamente o por &#8220;error&#8221; en el marco de la lucha contra la pandemia, inform\u00f3 la agencia Europa Press.<\/p>\n<p>&#8220;Los agentes p\u00fablicos solamente podr\u00e1n ser responsabilizados en las esferas civil y administrativa si act\u00faan u omiten con dolo o por error en la pr\u00e1ctica de los actos relacionados directa o indirectamente con la emergencia de salud p\u00fablica&#8221;, reza el texto publicado al filo de la medianoche del mi\u00e9rcoles.<\/p>\n<p>Bolsonaro ha hecho de su alianza con las fuerzas de seguridad, especialmente con los militares, una de las banderas de su Gobierno, que incluye a varios uniformados.<\/p>\n","protected":false},"excerpt":{"rendered":"<p>El presidente de Brasil se enoj\u00f3 por una pregunta sobre la diferencia en el n\u00famero de muertos por coronavirus. &#8220;Seremos un pa\u00eds de miserables&#8221;, dijo en otra cr\u00edtica a la cuarentena &nbsp; &nbsp; El presidente brasile\u00f1o, Jair Bolsonaro, reaccion\u00f3 este jueves con molestia a una pregunta de la prensa sobre la diferencia en el n\u00famero de muertos por coronavirus entre Brasil y Argentina, y respondi\u00f3 evasivamente alertando que nuestro pa\u00eds va &#8220;camino al socialismo&#8221;. Al hablar con periodistas en el Palacio de la Alvorada, la residencia oficial en Brasilia, Bolsonaro&#8230;<\/p>\n","protected":false},"author":3,"featured_media":61369,"comment_status":"closed","ping_status":"closed","sticky":false,"template":"","format":"standard","meta":[],"categories":[4],"tags":[],"_links":{"self":[{"href":"https:\/\/www.actualidadadiario.com\/index.php\/wp-json\/wp\/v2\/posts\/61368"}],"collection":[{"href":"https:\/\/www.actualidadadiario.com\/index.php\/wp-json\/wp\/v2\/posts"}],"about":[{"href":"https:\/\/www.actualidadadiario.com\/index.php\/wp-json\/wp\/v2\/types\/post"}],"author":[{"embeddable":true,"href":"https:\/\/www.actualidadadiario.com\/index.php\/wp-json\/wp\/v2\/users\/3"}],"replies":[{"embeddable":true,"href":"https:\/\/www.actualidadadiario.com\/index.php\/wp-json\/wp\/v2\/comments?post=61368"}],"version-history":[{"count":1,"href":"https:\/\/www.actualidadadiario.com\/index.php\/wp-json\/wp\/v2\/posts\/61368\/revisions"}],"predecessor-version":[{"id":61370,"href":"https:\/\/www.actualidadadiario.com\/index.php\/wp-json\/wp\/v2\/posts\/61368\/revisions\/61370"}],"wp:featuredmedia":[{"embeddable":true,"href":"https:\/\/www.actualidadadiario.com\/index.php\/wp-json\/wp\/v2\/media\/61369"}],"wp:attachment":[{"href":"https:\/\/www.actualidadadiario.com\/index.php\/wp-json\/wp\/v2\/media?parent=61368"}],"wp:term":[{"taxonomy":"category","embeddable":true,"href":"https:\/\/www.actualidadadiario.com\/index.php\/wp-json\/wp\/v2\/categories?post=61368"},{"taxonomy":"post_tag","embeddable":true,"href":"https:\/\/www.actualidadadiario.com\/index.php\/wp-json\/wp\/v2\/tags?post=61368"}],"curies":[{"name":"wp","href":"https:\/\/api.w.org\/{rel}","templated":true}]}}