{"id":61359,"date":"2020-05-14T14:50:05","date_gmt":"2020-05-14T17:50:05","guid":{"rendered":"https:\/\/www.actualidadadiario.com\/?p=61359"},"modified":"2020-05-14T14:50:05","modified_gmt":"2020-05-14T17:50:05","slug":"aerolineas-argentinas-confirmo-cuatro-vuelos-especiales-para-traer-argentinos-del-exterior","status":"publish","type":"post","link":"https:\/\/www.actualidadadiario.com\/index.php\/2020\/05\/14\/aerolineas-argentinas-confirmo-cuatro-vuelos-especiales-para-traer-argentinos-del-exterior\/","title":{"rendered":"Aerol\u00edneas Argentinas confirm\u00f3 cuatro vuelos especiales para traer argentinos del exterior"},"content":{"rendered":"<p style=\"text-align: center;\"><em><strong>El primero de los vuelos est\u00e1 programado para el 16 de mayo y cubrir\u00e1 la ruta con Roma, transportando en su tramo de ida a m\u00e1s de 100 ciudadanos italianos para regresar con m\u00e1s de 250 argentinos<\/strong><\/em><\/p>\n<p>&nbsp;<\/p>\n<p>&nbsp;<\/p>\n<p>Aerol\u00edneas Argentinas confirm\u00f3 cuatro nuevos vuelos especiales a Roma, Canc\u00fan y Madrid para traer de regreso a argentinos que quedaron varados en el exterior como consecuencia de las restricciones impuestas para evitar la propagaci\u00f3n del coronavirus.<\/p>\n<p>Seg\u00fan informaron fuentes de la compa\u00f1\u00eda, el primero de los vuelos parte hoy y cubrir\u00e1 la ruta con Roma, transportando en su tramo de ida a m\u00e1s de 100 ciudadanos italianos para regresar el 16 de mayo con m\u00e1s de 250 argentinos.<\/p>\n<p>Por su parte, el d\u00eda 20 de mayo, tendr\u00e1 lugar un nuevo vuelo desde Canc\u00fan, que traer\u00e1 a otros 250 argentinos varados en distintos puntos de M\u00e9xico.<\/p>\n<p>Adem\u00e1s, fueron programados otros 2 nuevos vuelos a Madrid con fecha de partida los d\u00edas 23 y 26 mayo y en ambos casos estar\u00e1n disponibles en sus tramos de ida para residentes espa\u00f1oles varados en el pa\u00eds y regresar\u00e1n desde Madrid con unos 500 argentinos que se encuentran en Europa.<\/p>\n<p>Desde el 18 de marzo pasado, cuando se suspendieron los vuelos regulares internacionales, se dispusieron 80 vuelos especiales por Aerol\u00edneas Argentina, y en dichas operaciones la compa\u00f1\u00eda trajo de regreso al pa\u00eds a unos 22.000 argentinos.<\/p>\n<p>Aerol\u00edneas solicit\u00f3 a los pasajeros que cumplan los protocolos sanitarios en materia de higiene al momento de presentarse en los aeropuertos, incluso con el uso de barbijos o tapabocas de forma permanente en todas las instancias.<\/p>\n<p>Ayer, la l\u00ednea a\u00e9rea de bandera hab\u00eda anunciado nuevos vuelos hacia Shangh\u00e1i, Rep\u00fablica Popular China, que tienen por objetivo traer al pa\u00eds insumos sanitarios para la lucha contra la pandemia de coronavirus.<\/p>\n<p>Ya se han realizado 10 operaciones a China, sobre un total de 17 programadas y llegaron al pa\u00eds unas 140 toneladas de materiales.<\/p>\n","protected":false},"excerpt":{"rendered":"<p>El primero de los vuelos est\u00e1 programado para el 16 de mayo y cubrir\u00e1 la ruta con Roma, transportando en su tramo de ida a m\u00e1s de 100 ciudadanos italianos para regresar con m\u00e1s de 250 argentinos &nbsp; &nbsp; Aerol\u00edneas Argentinas confirm\u00f3 cuatro nuevos vuelos especiales a Roma, Canc\u00fan y Madrid para traer de regreso a argentinos que quedaron varados en el exterior como consecuencia de las restricciones impuestas para evitar la propagaci\u00f3n del coronavirus. Seg\u00fan informaron fuentes de la compa\u00f1\u00eda, el primero de los vuelos parte hoy y cubrir\u00e1&#8230;<\/p>\n","protected":false},"author":3,"featured_media":59085,"comment_status":"closed","ping_status":"closed","sticky":false,"template":"","format":"standard","meta":[],"categories":[18],"tags":[],"_links":{"self":[{"href":"https:\/\/www.actualidadadiario.com\/index.php\/wp-json\/wp\/v2\/posts\/61359"}],"collection":[{"href":"https:\/\/www.actualidadadiario.com\/index.php\/wp-json\/wp\/v2\/posts"}],"about":[{"href":"https:\/\/www.actualidadadiario.com\/index.php\/wp-json\/wp\/v2\/types\/post"}],"author":[{"embeddable":true,"href":"https:\/\/www.actualidadadiario.com\/index.php\/wp-json\/wp\/v2\/users\/3"}],"replies":[{"embeddable":true,"href":"https:\/\/www.actualidadadiario.com\/index.php\/wp-json\/wp\/v2\/comments?post=61359"}],"version-history":[{"count":1,"href":"https:\/\/www.actualidadadiario.com\/index.php\/wp-json\/wp\/v2\/posts\/61359\/revisions"}],"predecessor-version":[{"id":61360,"href":"https:\/\/www.actualidadadiario.com\/index.php\/wp-json\/wp\/v2\/posts\/61359\/revisions\/61360"}],"wp:featuredmedia":[{"embeddable":true,"href":"https:\/\/www.actualidadadiario.com\/index.php\/wp-json\/wp\/v2\/media\/59085"}],"wp:attachment":[{"href":"https:\/\/www.actualidadadiario.com\/index.php\/wp-json\/wp\/v2\/media?parent=61359"}],"wp:term":[{"taxonomy":"category","embeddable":true,"href":"https:\/\/www.actualidadadiario.com\/index.php\/wp-json\/wp\/v2\/categories?post=61359"},{"taxonomy":"post_tag","embeddable":true,"href":"https:\/\/www.actualidadadiario.com\/index.php\/wp-json\/wp\/v2\/tags?post=61359"}],"curies":[{"name":"wp","href":"https:\/\/api.w.org\/{rel}","templated":true}]}}