{"id":61351,"date":"2020-05-14T14:48:00","date_gmt":"2020-05-14T17:48:00","guid":{"rendered":"https:\/\/www.actualidadadiario.com\/?p=61351"},"modified":"2020-05-14T14:48:00","modified_gmt":"2020-05-14T17:48:00","slug":"maximo-kirchner-destrozo-los-postulados-que-hablan-de-una-pandemia-economica","status":"publish","type":"post","link":"https:\/\/www.actualidadadiario.com\/index.php\/2020\/05\/14\/maximo-kirchner-destrozo-los-postulados-que-hablan-de-una-pandemia-economica\/","title":{"rendered":"M\u00e1ximo Kirchner destroz\u00f3 los postulados que hablan de \u201cuna pandemia econ\u00f3mica\u201d"},"content":{"rendered":"<p style=\"text-align: center;\"><em><strong>El titular del bloque de Diputados del Frente de Todos rechaz\u00f3 los cuestionamientos contra el aislamiento social, preventivo y obligatorio dispuesto por el gobierno nacional para evitar la propagaci\u00f3n del coronavirus. \u201c\u00bfCuando el hambre va a matar a la concentraci\u00f3n de la riqueza en Argentina?\u201d, pregunt\u00f3 en el marco del cierre de debate en la primera sesi\u00f3n virtual de la C\u00e1mara baja. Tambi\u00e9n le dio un mensaje de respaldo a Horacio Rodr\u00edguez Larreta inst\u00e1ndolo a \u201caguantar la presi\u00f3n\u201d del PRO y seguir con la ASPO<\/strong><\/em><\/p>\n<p>&nbsp;<\/p>\n<p>&nbsp;<\/p>\n<p>De manera ret\u00f3rica y en el marco de su cierre de debate, el presidente del bloque de diputados nacionales del Frente de Todos, M\u00e1ximo Kirchner, se pregunt\u00f3 \u201c\u00bfCuando el hambre va a matar a la concentraci\u00f3n de la riqueza en Argentina?\u201d. La referencia del legislador nacional se llev\u00f3 a cabo al cuestionar los titulares informativos que se\u00f1alan \u201cHambre mata cuarentena\u201d y en referencia al proyecto de impuesto a la riqueza extraordinaria.<\/p>\n<p>\u201cCuando uno ve lo que sucede hoy en Chile; que la gente se muere y se juega con cosas que no tienen repuesto; ve gente con barbijos con m\u00e1scaras de pl\u00e1stico por la calle y se pregunta, \u00bfhasta d\u00f3nde nos van a llevar?\u201d, expres\u00f3 Kirchner al rechazar los argumentos de quienes hablan de una \u201cpandemia econ\u00f3mica\u201d. A ellos les record\u00f3 que \u201cArgentina vol\u00f3 por los aires en diciembre de 2001 sin que hubiera siquiera un peque\u00f1o virus\u201d.<\/p>\n<p>El titular de los diputados oficialistas tambi\u00e9n le envi\u00f3 un mensaje de respaldo al Jefe de Gobierno porte\u00f1o, Horacio Rodr\u00edguez Larreta: \u201cPara aquellos que le dicen que tiene que abrir (la actividad econ\u00f3mica) a lo que d\u00e9 lugar, le decimos que cuenta con nosotros para aguantar esa presi\u00f3n y preservar lo que hay que preservar, que es la vida de la gente\u201d.<\/p>\n<p>Las declaraciones de Kirchner se dieron al apuntar contra un sector del PRO que insiste en el \u201coposicionismo\u201d como Patricia Bullrich y el propio ex presidente Mauricio Macri. En las \u00faltimas horas adem\u00e1s, el presidente Alberto Fern\u00e1ndez hab\u00eda apuntado contra Mar\u00eda Eugenia Vidal por la construcci\u00f3n de hospitales.<\/p>\n<p>\u201cTambi\u00e9n critican diciendo que \u2018el presidente (Alberto Fern\u00e1ndez) se ha enamorado de la cuarentena\u2019; continu\u00f3; para expresar que \u201cs\u00ed, es una medida correcta y se tom\u00f3 a tiempo. Si el Presidente capitaliza una medida pol\u00edtica que toma, \u00a1est\u00e1 bien!\u201d<\/p>\n","protected":false},"excerpt":{"rendered":"<p>El titular del bloque de Diputados del Frente de Todos rechaz\u00f3 los cuestionamientos contra el aislamiento social, preventivo y obligatorio dispuesto por el gobierno nacional para evitar la propagaci\u00f3n del coronavirus. \u201c\u00bfCuando el hambre va a matar a la concentraci\u00f3n de la riqueza en Argentina?\u201d, pregunt\u00f3 en el marco del cierre de debate en la primera sesi\u00f3n virtual de la C\u00e1mara baja. Tambi\u00e9n le dio un mensaje de respaldo a Horacio Rodr\u00edguez Larreta inst\u00e1ndolo a \u201caguantar la presi\u00f3n\u201d del PRO y seguir con la ASPO &nbsp; &nbsp; De manera ret\u00f3rica&#8230;<\/p>\n","protected":false},"author":3,"featured_media":61352,"comment_status":"closed","ping_status":"closed","sticky":false,"template":"","format":"standard","meta":[],"categories":[18],"tags":[],"_links":{"self":[{"href":"https:\/\/www.actualidadadiario.com\/index.php\/wp-json\/wp\/v2\/posts\/61351"}],"collection":[{"href":"https:\/\/www.actualidadadiario.com\/index.php\/wp-json\/wp\/v2\/posts"}],"about":[{"href":"https:\/\/www.actualidadadiario.com\/index.php\/wp-json\/wp\/v2\/types\/post"}],"author":[{"embeddable":true,"href":"https:\/\/www.actualidadadiario.com\/index.php\/wp-json\/wp\/v2\/users\/3"}],"replies":[{"embeddable":true,"href":"https:\/\/www.actualidadadiario.com\/index.php\/wp-json\/wp\/v2\/comments?post=61351"}],"version-history":[{"count":1,"href":"https:\/\/www.actualidadadiario.com\/index.php\/wp-json\/wp\/v2\/posts\/61351\/revisions"}],"predecessor-version":[{"id":61353,"href":"https:\/\/www.actualidadadiario.com\/index.php\/wp-json\/wp\/v2\/posts\/61351\/revisions\/61353"}],"wp:featuredmedia":[{"embeddable":true,"href":"https:\/\/www.actualidadadiario.com\/index.php\/wp-json\/wp\/v2\/media\/61352"}],"wp:attachment":[{"href":"https:\/\/www.actualidadadiario.com\/index.php\/wp-json\/wp\/v2\/media?parent=61351"}],"wp:term":[{"taxonomy":"category","embeddable":true,"href":"https:\/\/www.actualidadadiario.com\/index.php\/wp-json\/wp\/v2\/categories?post=61351"},{"taxonomy":"post_tag","embeddable":true,"href":"https:\/\/www.actualidadadiario.com\/index.php\/wp-json\/wp\/v2\/tags?post=61351"}],"curies":[{"name":"wp","href":"https:\/\/api.w.org\/{rel}","templated":true}]}}