{"id":61345,"date":"2020-05-14T14:46:32","date_gmt":"2020-05-14T17:46:32","guid":{"rendered":"https:\/\/www.actualidadadiario.com\/?p=61345"},"modified":"2020-05-14T14:46:32","modified_gmt":"2020-05-14T17:46:32","slug":"en-la-primera-sesion-virtual-de-su-historia-el-senado-avalo-los-decretos-vinculados-con-la-pandemia","status":"publish","type":"post","link":"https:\/\/www.actualidadadiario.com\/index.php\/2020\/05\/14\/en-la-primera-sesion-virtual-de-su-historia-el-senado-avalo-los-decretos-vinculados-con-la-pandemia\/","title":{"rendered":"En la primera sesi\u00f3n virtual de su historia, el Senado aval\u00f3 los decretos vinculados con la pandemia"},"content":{"rendered":"<p style=\"text-align: center;\"><em><strong>El Senado aprob\u00f3 la validez de veinte Decretos de Necesidad y Urgencia firmados por el presidente de la Naci\u00f3n, Alberto Fern\u00e1ndez, durante la primera sesi\u00f3n virtual de la historia de la C\u00e1mara alta<\/strong><\/em><\/p>\n<p>&nbsp;<\/p>\n<p>&nbsp;<\/p>\n<p>El Senado cumpli\u00f3 su primera sesi\u00f3n virtual en la historia parlamentaria argentina, con un debate marcado por la situaci\u00f3n econ\u00f3mica en el que aprob\u00f3 una veintena de decretos de necesidad y urgencia dictados por el Gobierno para mitigar los efectos de la pandemia de coronavirus.<\/p>\n<p>El debate se extendi\u00f3 durante cinco horas y media y estuvo centrado en las discrepancias entre oficialismo y oposici\u00f3n sobre el estado de la econom\u00eda, el rol del Congreso y algunas de las medidas oficiales, como la prohibici\u00f3n del ingreso de argentinos desde el exterior o las normas antidespidos.<\/p>\n<p>Con s\u00f3lo dos breves interrupciones t\u00e9cnicas, una de ellas de poco m\u00e1s de 15 minutos, la primera sesi\u00f3n de car\u00e1cter remota en la historia del Congreso se desarroll\u00f3 sin mayores inconvenientes con las exposiciones de 26 oradores de las dos principales fuerzas pol\u00edticas, el Frente de Todos y Cambiemos.<\/p>\n<p>La vicepresidenta Cristina Fern\u00e1ndez de Kirchner abri\u00f3 la primera sesi\u00f3n virtual del Senado a las 14.20, con la lectura de la orden del d\u00eda y la entonaci\u00f3n del himno nacional, y dedic\u00f3 en el final un agradecimiento especial &#8220;al esfuerzo&#8221; de todos los que contribuyeron a organizar con \u00e9xito el debate.<\/p>\n<p>En el recinto estuvieron junto a Cristina Kirchner la presidenta provisional del Senado, Claudia Ledesma y los senadores que ocupan las tres vicepresidencias, Mart\u00edn Lousteau, Maurice Closs y Laura Rodr\u00edguez Machado.<\/p>\n<p>El resto de los senadores se conect\u00f3 de manera remota desde Legislaturas, concejos deliberantes o domicilios particulares de sus provincias.<\/p>\n<p>El primer paso fue votar el protocolo que establece la nueva modalidad de sesiones en forma remota por un plazo de 60 d\u00edas, prorrogables si se extiende el aislamiento social y obligatorio dispuesto por el gobierno nacional para paliar los efectos del coronavirus.<\/p>\n<p>La primera votaci\u00f3n se realiz\u00f3 en forma electr\u00f3nica aunque seis legisladores debieron votar a viva voz por problemas en las conexiones.<\/p>\n<p>En el sistema electr\u00f3nico implementado, los senadores debieron votar por si o por no, mientras que para las abstenciones se pod\u00eda optar previamente.<\/p>\n<p>Media hora antes de la sesi\u00f3n, los senadores se hab\u00edan sometido a las pruebas de validaci\u00f3n de identidad, con la ayuda de los t\u00e9cnicos del Registro Nacional de las Personas.<\/p>\n<p>En los discursos finales, el jefe de los senadores del Frente de Todos, Jos\u00e9 Mayans, cuestion\u00f3 a &#8220;los oportunistas pol\u00edticos&#8221; que &#8220;apuntan a separar&#8221; al equipo de gobierno que conforman el presidente Alberto Fern\u00e1ndez y la vicepresidenta.<\/p>\n<p>Mayans tambi\u00e9n critic\u00f3 a la oposici\u00f3n por las denuncias sobre la par\u00e1lisis del Congreso en medio de la pandemia de coronavirus y los acus\u00f3 de &#8220;rasgarse ahora las vestiduras pero no decir nada durante 2015, cuando la gesti\u00f3n del macrismo imped\u00eda su funcionamiento&#8221;.<\/p>\n<p>El jefe del bloque de senadores de Juntos por el Cambio, Luis Naidenoff, valor\u00f3 por su parte que &#8220;el Congreso se haya puesto de pie&#8221; y que &#8220;haya recuperado su rol&#8221; y consider\u00f3 que la sesi\u00f3n fue &#8220;exitosa&#8221;.<\/p>\n<p>Naidenoff valor\u00f3 tambi\u00e9n &#8220;la madurez y responsabilidad pol\u00edtica&#8221; ejercida por la oposici\u00f3n para acompa\u00f1ar al gobierno durante la crisis sanitaria y pidi\u00f3 &#8220;dejar de lado viejas rencillas partidarias&#8221; para trabajar en conjunto ante la pandemia.<\/p>\n<p>Si bien en un principio se hab\u00eda acordado que la totalidad de los senadores seguir\u00eda la sesi\u00f3n en forma remota para respetar las normas de distanciamiento social, en las \u00faltimas horas se decidi\u00f3 que los legisladores que cumplen funciones como autoridades de c\u00e1mara tambi\u00e9n pod\u00edan participar del debate en el recinto, con lo cual la sesi\u00f3n termin\u00f3 siendo mixta.<\/p>\n<p>Algunos de los discursos m\u00e1s duros fueron los de las senadores del oficialismo Anabel Fern\u00e1ndez Sagasti y Mar\u00eda de los \u00c1ngeles Sacnun, que defendieron las medidas adoptadas por el Gobierno y acusaron al macrismo de haber dejado una &#8220;econom\u00eda diezmada&#8221;, que agrava ahora la crisis generada por la pandemia.<\/p>\n<p>Desde la oposici\u00f3n, Mart\u00edn Lousteau y Silvia El\u00edas de P\u00e9rez respondieron las cr\u00edticas, pidieron &#8220;responsabilidad&#8221; para afrontar la epidemia y &#8220;mayor participaci\u00f3n&#8221; en las decisiones del gobierno para mitigar los efectos del coronavirus en el pa\u00eds.<\/p>\n<p>En el final de la sesi\u00f3n, la vicepresidenta dijo que &#8220;esto reci\u00e9n empieza&#8221; y declar\u00f3 que espera poder seguir sesionado de esta forma hasta que &#8220;se solucione&#8221; la crisis por la pandemia.<\/p>\n","protected":false},"excerpt":{"rendered":"<p>El Senado aprob\u00f3 la validez de veinte Decretos de Necesidad y Urgencia firmados por el presidente de la Naci\u00f3n, Alberto Fern\u00e1ndez, durante la primera sesi\u00f3n virtual de la historia de la C\u00e1mara alta &nbsp; &nbsp; El Senado cumpli\u00f3 su primera sesi\u00f3n virtual en la historia parlamentaria argentina, con un debate marcado por la situaci\u00f3n econ\u00f3mica en el que aprob\u00f3 una veintena de decretos de necesidad y urgencia dictados por el Gobierno para mitigar los efectos de la pandemia de coronavirus. El debate se extendi\u00f3 durante cinco horas y media y&#8230;<\/p>\n","protected":false},"author":3,"featured_media":61346,"comment_status":"closed","ping_status":"closed","sticky":false,"template":"","format":"standard","meta":[],"categories":[18],"tags":[],"_links":{"self":[{"href":"https:\/\/www.actualidadadiario.com\/index.php\/wp-json\/wp\/v2\/posts\/61345"}],"collection":[{"href":"https:\/\/www.actualidadadiario.com\/index.php\/wp-json\/wp\/v2\/posts"}],"about":[{"href":"https:\/\/www.actualidadadiario.com\/index.php\/wp-json\/wp\/v2\/types\/post"}],"author":[{"embeddable":true,"href":"https:\/\/www.actualidadadiario.com\/index.php\/wp-json\/wp\/v2\/users\/3"}],"replies":[{"embeddable":true,"href":"https:\/\/www.actualidadadiario.com\/index.php\/wp-json\/wp\/v2\/comments?post=61345"}],"version-history":[{"count":1,"href":"https:\/\/www.actualidadadiario.com\/index.php\/wp-json\/wp\/v2\/posts\/61345\/revisions"}],"predecessor-version":[{"id":61347,"href":"https:\/\/www.actualidadadiario.com\/index.php\/wp-json\/wp\/v2\/posts\/61345\/revisions\/61347"}],"wp:featuredmedia":[{"embeddable":true,"href":"https:\/\/www.actualidadadiario.com\/index.php\/wp-json\/wp\/v2\/media\/61346"}],"wp:attachment":[{"href":"https:\/\/www.actualidadadiario.com\/index.php\/wp-json\/wp\/v2\/media?parent=61345"}],"wp:term":[{"taxonomy":"category","embeddable":true,"href":"https:\/\/www.actualidadadiario.com\/index.php\/wp-json\/wp\/v2\/categories?post=61345"},{"taxonomy":"post_tag","embeddable":true,"href":"https:\/\/www.actualidadadiario.com\/index.php\/wp-json\/wp\/v2\/tags?post=61345"}],"curies":[{"name":"wp","href":"https:\/\/api.w.org\/{rel}","templated":true}]}}