{"id":61340,"date":"2020-05-14T14:44:57","date_gmt":"2020-05-14T17:44:57","guid":{"rendered":"https:\/\/www.actualidadadiario.com\/?p=61340"},"modified":"2020-05-14T14:44:57","modified_gmt":"2020-05-14T17:44:57","slug":"gines-admite-que-analizan-frenar-la-reapertura-si-se-aceleran-los-contagios","status":"publish","type":"post","link":"https:\/\/www.actualidadadiario.com\/index.php\/2020\/05\/14\/gines-admite-que-analizan-frenar-la-reapertura-si-se-aceleran-los-contagios\/","title":{"rendered":"Gin\u00e9s admite que analizan frenar la reapertura si se aceleran los contagios"},"content":{"rendered":"<p style=\"text-align: center;\"><em><strong>El ministro dijo que la suba de casos es por el ingreso del virus a las villas porte\u00f1as y no por el aumento de la circulaci\u00f3n en las calles<\/strong><\/em><\/p>\n<p>&nbsp;<\/p>\n<p>&nbsp;<\/p>\n<p>Gin\u00e9s Gonz\u00e1lez Garc\u00eda reconoci\u00f3 que el Gobierno no descarta frenar la salida de la cuarentena si se siguen acelerando los contagios.<\/p>\n<p>&#8220;Si dentro de unos d\u00edas no est\u00e1 funcionando la apertura de actividades vamos a apretar el freno&#8221;, afirm\u00f3 el ministro de Salud tras la peor jornada de la pandemia en Argentina, con 316 nuevos casos (6.879 en total) y una cifra total de muertos que lleg\u00f3 a 329.<\/p>\n<p>De todos modos, el funcionario dijo que en el Gobierno creen que el incremento de casos no tiene que ver con la flexibilizaci\u00f3n de la cuarentena si no con la propagaci\u00f3n del virus en las villas, especialmente en la Ciudad de Buenos Aires.<\/p>\n<p>&#8220;Todos los d\u00edas estamos preocupados. Claramente en los \u00faltimos d\u00edas hay un incremento de casos que tiene que ver con que el virus entr\u00f3 en barriadas humildes, sobre todo de la Ciudad de Buenos Aires y un poco en la Provincia de Buenos Aires y no con la apertura y el mayor flujo de personas de los \u00faltimos d\u00edas&#8221;, declar\u00f3 Gin\u00e9s al canal A24.<\/p>\n<p>&#8220;Al trasladarse por ejemplo a las villas, donde es m\u00e1s dif\u00edcil el aislamiento, se expande con una velocidad muy fuerte. Estamos ayudando muy intensamente a la Ciudad y partidos del conurbano, con mucha m\u00e1s vigilancia directa meti\u00e9ndonos en los barrios, identificando focos mediante s\u00edntomas, actuando r\u00e1pido y circunscribiendo la difusi\u00f3n del virus&#8221;, agreg\u00f3 el ministro.<\/p>\n<p>Gonz\u00e1lez Garc\u00eda defendi\u00f3 la actuaci\u00f3n del Gobierno en barrios populares y, si bien reconoci\u00f3 que analizan frenar la reapertura, sostuvo que creen que tienen &#8220;controlado&#8221; el virus. &#8220;Est\u00e1n cambiando las circunstancias sociales m\u00e1s favorables para expansi\u00f3n r\u00e1pida del virus, hasta ahora lo tenemos controlado&#8221;, se\u00f1al\u00f3.<\/p>\n<p>&#8220;Para esto depende mucho de c\u00f3mo cumplamos con el distanciamiento, como lo hacemos con el aislamiento. Hay que seguir haciendo las cosas muy bien y con m\u00e1s cuidado&#8221;, a\u00f1adi\u00f3 en referencia a la posibilidad de endurecer los controles, algo que sucedi\u00f3 en Chile por la relajaci\u00f3n de los controles.<\/p>\n<p>En el Ejecutivo prestan atenci\u00f3n a la secuencia de d\u00edas en la que se duplican los casos. Tan solo cinco d\u00edas antes de este mi\u00e9rcoles, el 8 de mayo, el n\u00famero de casos perfor\u00f3 por primera vez la barrera de los 200 diarios. En menos de una semana se super\u00f3 la barrera de los 300, en especial por la cantidad de casos que se detectaron en la Ciudad y m\u00e1s precisamente en las villas.<\/p>\n<p>De acuerdo a c\u00e1lculos extraoficiales, la duplicaci\u00f3n de casos en la capital ya ronda los doce d\u00edas, muy por debajo de los 25 d\u00edas que el Gobierno ten\u00eda como meta para relajar la cuarentena. En los barrios vulnerables, la cifra de duplicaci\u00f3n es mucho m\u00e1s dram\u00e1tica, de menos de una semana en la Villa 31 y la 1-11-14, las m\u00e1s afectadas.<\/p>\n<p>Las \u00faltimas cifras indican que en las villas porte\u00f1as hay 891 casos positivos, 132 de los cuales se sumaron en 24 horas, casi el 70% de los nuevos contagios en la Ciudad. Teniendo en cuenta los n\u00fameros totales, los contagios en los barrios vulnerables ya son caso el 30% del total en CABA.<\/p>\n","protected":false},"excerpt":{"rendered":"<p>El ministro dijo que la suba de casos es por el ingreso del virus a las villas porte\u00f1as y no por el aumento de la circulaci\u00f3n en las calles &nbsp; &nbsp; Gin\u00e9s Gonz\u00e1lez Garc\u00eda reconoci\u00f3 que el Gobierno no descarta frenar la salida de la cuarentena si se siguen acelerando los contagios. &#8220;Si dentro de unos d\u00edas no est\u00e1 funcionando la apertura de actividades vamos a apretar el freno&#8221;, afirm\u00f3 el ministro de Salud tras la peor jornada de la pandemia en Argentina, con 316 nuevos casos (6.879 en total)&#8230;<\/p>\n","protected":false},"author":3,"featured_media":61341,"comment_status":"closed","ping_status":"closed","sticky":false,"template":"","format":"standard","meta":[],"categories":[9],"tags":[],"_links":{"self":[{"href":"https:\/\/www.actualidadadiario.com\/index.php\/wp-json\/wp\/v2\/posts\/61340"}],"collection":[{"href":"https:\/\/www.actualidadadiario.com\/index.php\/wp-json\/wp\/v2\/posts"}],"about":[{"href":"https:\/\/www.actualidadadiario.com\/index.php\/wp-json\/wp\/v2\/types\/post"}],"author":[{"embeddable":true,"href":"https:\/\/www.actualidadadiario.com\/index.php\/wp-json\/wp\/v2\/users\/3"}],"replies":[{"embeddable":true,"href":"https:\/\/www.actualidadadiario.com\/index.php\/wp-json\/wp\/v2\/comments?post=61340"}],"version-history":[{"count":1,"href":"https:\/\/www.actualidadadiario.com\/index.php\/wp-json\/wp\/v2\/posts\/61340\/revisions"}],"predecessor-version":[{"id":61342,"href":"https:\/\/www.actualidadadiario.com\/index.php\/wp-json\/wp\/v2\/posts\/61340\/revisions\/61342"}],"wp:featuredmedia":[{"embeddable":true,"href":"https:\/\/www.actualidadadiario.com\/index.php\/wp-json\/wp\/v2\/media\/61341"}],"wp:attachment":[{"href":"https:\/\/www.actualidadadiario.com\/index.php\/wp-json\/wp\/v2\/media?parent=61340"}],"wp:term":[{"taxonomy":"category","embeddable":true,"href":"https:\/\/www.actualidadadiario.com\/index.php\/wp-json\/wp\/v2\/categories?post=61340"},{"taxonomy":"post_tag","embeddable":true,"href":"https:\/\/www.actualidadadiario.com\/index.php\/wp-json\/wp\/v2\/tags?post=61340"}],"curies":[{"name":"wp","href":"https:\/\/api.w.org\/{rel}","templated":true}]}}