{"id":61336,"date":"2020-05-14T14:43:00","date_gmt":"2020-05-14T17:43:00","guid":{"rendered":"https:\/\/www.actualidadadiario.com\/?p=61336"},"modified":"2020-05-14T14:43:00","modified_gmt":"2020-05-14T17:43:00","slug":"la-afip-habilito-la-inscripcion-para-el-pago-de-los-salarios-de-mayo","status":"publish","type":"post","link":"https:\/\/www.actualidadadiario.com\/index.php\/2020\/05\/14\/la-afip-habilito-la-inscripcion-para-el-pago-de-los-salarios-de-mayo\/","title":{"rendered":"La AFIP habilit\u00f3 la inscripci\u00f3n para el pago de los salarios de mayo"},"content":{"rendered":"<p style=\"text-align: center;\"><em><strong>Esta semana, el Poder Ejecutivo explic\u00f3 c\u00f3mo se abonar\u00e1 hasta el 50% de los salarios de los trabajadores del sector privado<\/strong><\/em><\/p>\n<p>&nbsp;<\/p>\n<p>&nbsp;<\/p>\n<p>La AFIP dispuso que entre hoy y el jueves 21 de mayo, los empleadores puedan gestionar los beneficios para el pago de salarios y contribuciones patronales que se devenguen durante mayo.<\/p>\n<p>Por medio de una resoluci\u00f3n general publicada este jueves en el Bolet\u00edn Oficial, el organismo explic\u00f3 que los empleadores deber\u00e1n acceder al servicio web &#8220;Programa de Asistencia de Emergencia al Trabajo y la Producci\u00f3n -ATP&#8221; a los efectos de obtener, de as\u00ed corresponder, esos beneficios.<\/p>\n<p>El Programa ATP se cre\u00f3 por DNU el primero de abril \u00faltimo, y establece distintos beneficios a efectos de atenuar el impacto negativo de la disminuci\u00f3n de la actividad productiva como consecuencia del &#8220;aislamiento social, preventivo y obligatorio&#8221; dispuesto por el Poder Ejecutivo Nacional.<\/p>\n<p>Entre ellos, la asignaci\u00f3n del Salario Complementario y la postergaci\u00f3n o reducci\u00f3n de hasta el 95% del pago de las contribuciones patronales al Sistema Integrado Previsional Argentino.<\/p>\n","protected":false},"excerpt":{"rendered":"<p>Esta semana, el Poder Ejecutivo explic\u00f3 c\u00f3mo se abonar\u00e1 hasta el 50% de los salarios de los trabajadores del sector privado &nbsp; &nbsp; La AFIP dispuso que entre hoy y el jueves 21 de mayo, los empleadores puedan gestionar los beneficios para el pago de salarios y contribuciones patronales que se devenguen durante mayo. Por medio de una resoluci\u00f3n general publicada este jueves en el Bolet\u00edn Oficial, el organismo explic\u00f3 que los empleadores deber\u00e1n acceder al servicio web &#8220;Programa de Asistencia de Emergencia al Trabajo y la Producci\u00f3n -ATP&#8221; a&#8230;<\/p>\n","protected":false},"author":3,"featured_media":46458,"comment_status":"closed","ping_status":"closed","sticky":false,"template":"","format":"standard","meta":[],"categories":[2],"tags":[],"_links":{"self":[{"href":"https:\/\/www.actualidadadiario.com\/index.php\/wp-json\/wp\/v2\/posts\/61336"}],"collection":[{"href":"https:\/\/www.actualidadadiario.com\/index.php\/wp-json\/wp\/v2\/posts"}],"about":[{"href":"https:\/\/www.actualidadadiario.com\/index.php\/wp-json\/wp\/v2\/types\/post"}],"author":[{"embeddable":true,"href":"https:\/\/www.actualidadadiario.com\/index.php\/wp-json\/wp\/v2\/users\/3"}],"replies":[{"embeddable":true,"href":"https:\/\/www.actualidadadiario.com\/index.php\/wp-json\/wp\/v2\/comments?post=61336"}],"version-history":[{"count":1,"href":"https:\/\/www.actualidadadiario.com\/index.php\/wp-json\/wp\/v2\/posts\/61336\/revisions"}],"predecessor-version":[{"id":61337,"href":"https:\/\/www.actualidadadiario.com\/index.php\/wp-json\/wp\/v2\/posts\/61336\/revisions\/61337"}],"wp:featuredmedia":[{"embeddable":true,"href":"https:\/\/www.actualidadadiario.com\/index.php\/wp-json\/wp\/v2\/media\/46458"}],"wp:attachment":[{"href":"https:\/\/www.actualidadadiario.com\/index.php\/wp-json\/wp\/v2\/media?parent=61336"}],"wp:term":[{"taxonomy":"category","embeddable":true,"href":"https:\/\/www.actualidadadiario.com\/index.php\/wp-json\/wp\/v2\/categories?post=61336"},{"taxonomy":"post_tag","embeddable":true,"href":"https:\/\/www.actualidadadiario.com\/index.php\/wp-json\/wp\/v2\/tags?post=61336"}],"curies":[{"name":"wp","href":"https:\/\/api.w.org\/{rel}","templated":true}]}}