{"id":61331,"date":"2020-05-14T14:41:34","date_gmt":"2020-05-14T17:41:34","guid":{"rendered":"https:\/\/www.actualidadadiario.com\/?p=61331"},"modified":"2020-05-14T14:41:34","modified_gmt":"2020-05-14T17:41:34","slug":"bajante-maxima-el-rio-iguazu-registra-su-peor-nivel-en-90-anos","status":"publish","type":"post","link":"https:\/\/www.actualidadadiario.com\/index.php\/2020\/05\/14\/bajante-maxima-el-rio-iguazu-registra-su-peor-nivel-en-90-anos\/","title":{"rendered":"Bajante m\u00e1xima: el r\u00edo Iguaz\u00fa registra su peor nivel en 90 a\u00f1os"},"content":{"rendered":"<p style=\"text-align: center;\"><em><strong>Desde 1931, momento en que se empezaron a monitorear sus aguas, el r\u00edo Iguaz\u00fa jam\u00e1s tuvo un nivel tan bajo como el del 10 de mayo de 2020, donde el registro de Prefectura marc\u00f3 0 m y, el brasile\u00f1o, apenas el 10 % del caudal habitual<\/strong><\/em><\/p>\n<p>&nbsp;<\/p>\n<p>La sequ\u00eda logr\u00f3 que el r\u00edo Iguaz\u00fa registrara el 10 y 12 de mayo de 2020 su nivel m\u00e1s bajo desde 1931, cuando comenz\u00f3 el monitoreo del nivel de las aguas, seg\u00fan un estudio dado a conocer por Copel y Simepar, empresas de energ\u00eda de Brasil, e informado por el portal Economis.<\/p>\n<p>En Uni\u00e3o da Vit\u00f3ria, en la regi\u00f3n sur del estado de Paran\u00e1, Brasil, el nivel es de 1,29 metros, mientras que el nivel normal es de 2,7 metros. \u201cSignifica decir que solo el 10 % del agua que normalmente pasa por el r\u00edo Iguaz\u00fa est\u00e1 pasando por esa ubicaci\u00f3n. En otras palabras, otra visi\u00f3n de la extrema sequ\u00eda que est\u00e1 experimentando Paran\u00e1\u201d, explica Julio Gonchoroski, director de Sanepar.<\/p>\n<p>Esta no es la primera vez que el r\u00edo Iguaz\u00fa sufre de sequ\u00eda. En 2006 y 2018, la falta de lluvia tambi\u00e9n afect\u00f3 el flujo y el nivel del r\u00edo. Pero los expertos se\u00f1alan que las dos sequ\u00edas no se comparan con la situaci\u00f3n actual.<\/p>\n","protected":false},"excerpt":{"rendered":"<p>Desde 1931, momento en que se empezaron a monitorear sus aguas, el r\u00edo Iguaz\u00fa jam\u00e1s tuvo un nivel tan bajo como el del 10 de mayo de 2020, donde el registro de Prefectura marc\u00f3 0 m y, el brasile\u00f1o, apenas el 10 % del caudal habitual &nbsp; La sequ\u00eda logr\u00f3 que el r\u00edo Iguaz\u00fa registrara el 10 y 12 de mayo de 2020 su nivel m\u00e1s bajo desde 1931, cuando comenz\u00f3 el monitoreo del nivel de las aguas, seg\u00fan un estudio dado a conocer por Copel y Simepar, empresas de&#8230;<\/p>\n","protected":false},"author":3,"featured_media":61332,"comment_status":"closed","ping_status":"closed","sticky":false,"template":"","format":"standard","meta":[],"categories":[2],"tags":[],"_links":{"self":[{"href":"https:\/\/www.actualidadadiario.com\/index.php\/wp-json\/wp\/v2\/posts\/61331"}],"collection":[{"href":"https:\/\/www.actualidadadiario.com\/index.php\/wp-json\/wp\/v2\/posts"}],"about":[{"href":"https:\/\/www.actualidadadiario.com\/index.php\/wp-json\/wp\/v2\/types\/post"}],"author":[{"embeddable":true,"href":"https:\/\/www.actualidadadiario.com\/index.php\/wp-json\/wp\/v2\/users\/3"}],"replies":[{"embeddable":true,"href":"https:\/\/www.actualidadadiario.com\/index.php\/wp-json\/wp\/v2\/comments?post=61331"}],"version-history":[{"count":1,"href":"https:\/\/www.actualidadadiario.com\/index.php\/wp-json\/wp\/v2\/posts\/61331\/revisions"}],"predecessor-version":[{"id":61333,"href":"https:\/\/www.actualidadadiario.com\/index.php\/wp-json\/wp\/v2\/posts\/61331\/revisions\/61333"}],"wp:featuredmedia":[{"embeddable":true,"href":"https:\/\/www.actualidadadiario.com\/index.php\/wp-json\/wp\/v2\/media\/61332"}],"wp:attachment":[{"href":"https:\/\/www.actualidadadiario.com\/index.php\/wp-json\/wp\/v2\/media?parent=61331"}],"wp:term":[{"taxonomy":"category","embeddable":true,"href":"https:\/\/www.actualidadadiario.com\/index.php\/wp-json\/wp\/v2\/categories?post=61331"},{"taxonomy":"post_tag","embeddable":true,"href":"https:\/\/www.actualidadadiario.com\/index.php\/wp-json\/wp\/v2\/tags?post=61331"}],"curies":[{"name":"wp","href":"https:\/\/api.w.org\/{rel}","templated":true}]}}