{"id":61322,"date":"2020-05-14T14:39:12","date_gmt":"2020-05-14T17:39:12","guid":{"rendered":"https:\/\/www.actualidadadiario.com\/?p=61322"},"modified":"2020-05-14T14:39:12","modified_gmt":"2020-05-14T17:39:12","slug":"oficializan-fondos-por-60-mil-millones-para-las-provincias-de-acuerdo-con-sus-necesidades","status":"publish","type":"post","link":"https:\/\/www.actualidadadiario.com\/index.php\/2020\/05\/14\/oficializan-fondos-por-60-mil-millones-para-las-provincias-de-acuerdo-con-sus-necesidades\/","title":{"rendered":"Oficializan fondos por $60 mil millones para las provincias de acuerdo con sus necesidades"},"content":{"rendered":"<p style=\"text-align: center;\"><em><strong>A principios de abril \u00faltimo se cre\u00f3 el Programa para la Emergencia Financiera Provincial a partir de un trabajo coordinado con el Ministerio del Interior<\/strong><\/em><\/p>\n<p>&nbsp;<\/p>\n<p>El Ministerio de Econom\u00eda convalid\u00f3 los criterios de distribuci\u00f3n de cr\u00e9ditos preferenciales del Estado Nacional a las provincias por un total de $ 60.000 millones, a fin de asistirlas financieramente para paliar los efectos de la pandemia de coronavirus, a trav\u00e9s de la Resoluci\u00f3n 223\/2020 publicada hoy en el Bolet\u00edn Oficial.<\/p>\n<p>La norma precis\u00f3 que los pr\u00e9stamos, que ser\u00e1n canalizados a trav\u00e9s del Fondo Fiduciario para el Desarrollo Provincial (FFDP), ser\u00e1n otorgados de acuerdo con las necesidades financieras espec\u00edficas de cada provincia y por las condiciones estructurales con las que cada jurisdicci\u00f3n puede hacer frente a la actual crisis.<\/p>\n<p>En el marco de las medidas adoptadas para enfrentar los perjuicios econ\u00f3micos de la pandemia, a principios de abril \u00faltimo se cre\u00f3 el Programa para la Emergencia Financiera Provincial a partir de un trabajo coordinado con el Ministerio del Interior encabezado por Eduardo &#8220;Wado&#8221; de Pedro, que se plasm\u00f3 en el Decreto 352\/2020.<\/p>\n<p>El objetivo del nuevo programa es reforzar las finanzas provinciales por un total de $ 120.000 millones, cifra que representa el 0,4% del Producto Bruto Interno (PBI).<\/p>\n<p>El 50% de estos recursos est\u00e1n siendo ejecutados a trav\u00e9s de Aportes del Tesoro Nacional (ATN), a cargo del Ministerio del Interior, en tanto los $ 60.000 millones restantes ser\u00e1n distribuidos a trav\u00e9s del Fondo Fiduciario para el Desarrollo Provincial que asignar\u00e1 pr\u00e9stamos con tasa de inter\u00e9s pr\u00e1cticamente nula y periodo de gracia.<\/p>\n<p>Los recursos se asignar\u00e1n en un 60%, de acuerdo con las necesidades reales de financiamiento en el corto plazo; y en un 20% por el nivel relativo de atraso en las condiciones de vida de la poblaci\u00f3n medido por las Necesidades B\u00e1sicas Insatisfechas (NBI).<\/p>\n<p>El restante 20% se distribuir\u00e1 seg\u00fan el grado de afectaci\u00f3n relativo de cada provincia en el contexto de la emergencia econ\u00f3mica y sanitaria, determinado en un 50% por la tasa de informalidad y cuentapropismo; y en otro 50%, por la difusi\u00f3n territorial del coronavirus aproximada por la cantidad de infectados cada 100.000 habitantes.<\/p>\n<p>En ese sentido, se priorizar\u00e1n las provincias que arrastran desequilibrios financieros estructurales, aquellas donde la desigualdad econ\u00f3mica y de oportunidades es m\u00e1s profunda, y donde el perjuicio de la cuarentena sobre los trabajadores en situaci\u00f3n de vulnerabilidad es mayor.<\/p>\n<p>Cada provincia podr\u00e1 solicitar el pr\u00e9stamo del FFDP por hasta un monto m\u00e1ximo establecido por ese criterio, que re\u00fane incluso condiciones m\u00e1s favorables a las que est\u00e1n sujetas en los mercados de deuda en tiempos de normalidad.<\/p>\n<p>La amortizaci\u00f3n del capital, que ser\u00e1 actualizado por el Coeficiente de Estabilizaci\u00f3n de Referencia (CER) desde el momento de su desembolso, se efectuar\u00e1 en 36 cuotas mensuales, con un periodo de gracia que va hasta el 31 de diciembre pr\u00f3ximo, en tanto la tasa de inter\u00e9s aplicada ser\u00e1 del 0,1% anual.<\/p>\n<p>&nbsp;<\/p>\n","protected":false},"excerpt":{"rendered":"<p>A principios de abril \u00faltimo se cre\u00f3 el Programa para la Emergencia Financiera Provincial a partir de un trabajo coordinado con el Ministerio del Interior &nbsp; El Ministerio de Econom\u00eda convalid\u00f3 los criterios de distribuci\u00f3n de cr\u00e9ditos preferenciales del Estado Nacional a las provincias por un total de $ 60.000 millones, a fin de asistirlas financieramente para paliar los efectos de la pandemia de coronavirus, a trav\u00e9s de la Resoluci\u00f3n 223\/2020 publicada hoy en el Bolet\u00edn Oficial. La norma precis\u00f3 que los pr\u00e9stamos, que ser\u00e1n canalizados a trav\u00e9s del Fondo&#8230;<\/p>\n","protected":false},"author":3,"featured_media":61323,"comment_status":"closed","ping_status":"closed","sticky":false,"template":"","format":"standard","meta":[],"categories":[9],"tags":[],"_links":{"self":[{"href":"https:\/\/www.actualidadadiario.com\/index.php\/wp-json\/wp\/v2\/posts\/61322"}],"collection":[{"href":"https:\/\/www.actualidadadiario.com\/index.php\/wp-json\/wp\/v2\/posts"}],"about":[{"href":"https:\/\/www.actualidadadiario.com\/index.php\/wp-json\/wp\/v2\/types\/post"}],"author":[{"embeddable":true,"href":"https:\/\/www.actualidadadiario.com\/index.php\/wp-json\/wp\/v2\/users\/3"}],"replies":[{"embeddable":true,"href":"https:\/\/www.actualidadadiario.com\/index.php\/wp-json\/wp\/v2\/comments?post=61322"}],"version-history":[{"count":1,"href":"https:\/\/www.actualidadadiario.com\/index.php\/wp-json\/wp\/v2\/posts\/61322\/revisions"}],"predecessor-version":[{"id":61324,"href":"https:\/\/www.actualidadadiario.com\/index.php\/wp-json\/wp\/v2\/posts\/61322\/revisions\/61324"}],"wp:featuredmedia":[{"embeddable":true,"href":"https:\/\/www.actualidadadiario.com\/index.php\/wp-json\/wp\/v2\/media\/61323"}],"wp:attachment":[{"href":"https:\/\/www.actualidadadiario.com\/index.php\/wp-json\/wp\/v2\/media?parent=61322"}],"wp:term":[{"taxonomy":"category","embeddable":true,"href":"https:\/\/www.actualidadadiario.com\/index.php\/wp-json\/wp\/v2\/categories?post=61322"},{"taxonomy":"post_tag","embeddable":true,"href":"https:\/\/www.actualidadadiario.com\/index.php\/wp-json\/wp\/v2\/tags?post=61322"}],"curies":[{"name":"wp","href":"https:\/\/api.w.org\/{rel}","templated":true}]}}