{"id":61319,"date":"2020-05-14T14:37:53","date_gmt":"2020-05-14T17:37:53","guid":{"rendered":"https:\/\/www.actualidadadiario.com\/?p=61319"},"modified":"2020-05-14T14:37:53","modified_gmt":"2020-05-14T17:37:53","slug":"la-provincia-trabaja-para-el-acceso-a-oportunidades-a-las-personas-de-la-comunidad-trans","status":"publish","type":"post","link":"https:\/\/www.actualidadadiario.com\/index.php\/2020\/05\/14\/la-provincia-trabaja-para-el-acceso-a-oportunidades-a-las-personas-de-la-comunidad-trans\/","title":{"rendered":"La provincia trabaja para el acceso a oportunidades a las personas de la comunidad trans"},"content":{"rendered":"<p style=\"text-align: center;\"><em><strong>A trav\u00e9s de un trabajo interministerial se registraron 130 altas nuevas en el programa Potenciar Trabajo, que busca brindar respuestas econ\u00f3micas, educativas, alimentarias y de salud a la comunidad travesti, transexual y transg\u00e9nero de la provincia<\/strong><\/em><\/p>\n<p>&nbsp;<\/p>\n<p>&nbsp;<\/p>\n<p>El programa Potenciar Trabajo, antes llamado Hacemos Futuro, tiene como objetivo brindar apoyo y acompa\u00f1amiento a la comunidad trans de la provincia, que constituye una poblaci\u00f3n en alta exposici\u00f3n frente a esta pandemia, tanto por su situaci\u00f3n de vulnerabilidad estructural e hist\u00f3rica como por las actividades que desempe\u00f1a.<\/p>\n<p>\u201cGarantizar esta asistencia requiri\u00f3 de una articulaci\u00f3n en red de diferentes \u00e1reas municipales, provinciales, nacionales y de organizaciones sociales y sindicales\u201d, destac\u00f3 la titular del \u00c1rea Provincial de Pol\u00edticas de Identidad de G\u00e9nero y Diversidad Sexual, Alejandra Elcura, quien agreg\u00f3: \u201cEste beneficio del Potenciar Trabajo, que suma 130 nuevas altas en Entre R\u00edos, responde a un reclamo hist\u00f3rico de la comunidad LGBTIQ+, por lo que estamos muy satisfechos\u201d.<\/p>\n<p>En este sentido, la funcionaria explic\u00f3 que \u201cesta tarea que se viene desarrollando desde todos los sectores del Estado y la sociedad civil, brinda la posibilidad y la apertura para poder acompa\u00f1ar en esta cuarentena a las personas que est\u00e1n necesitando una ayuda extra para poder mejorar su calidad de vida\u201d.<\/p>\n<p>Elcura mencion\u00f3 adem\u00e1s que \u201c\u00e9sta es una primera etapa, pero la intenci\u00f3n es poder llegar a toda la comunidad travesti y trans que lo necesite\u201d.<\/p>\n<p>\u201cEstamos bregando para que Entre R\u00edos sea una provincia cada vez m\u00e1s inclusiva, diversa, igualitaria, equitativa y con oportunidades para todos, todas y todes\u201d, afirm\u00f3.<\/p>\n<p>&nbsp;<\/p>\n<p><strong>Detalles<\/strong><\/p>\n<p>Regularmente el gobierno provincial asiste a 165 personas travestis y trans, a trav\u00e9s de acompa\u00f1amientos, gestiones, asistencia alimentaria y sanitaria. Este nuevo programa, que surge a partir de la emergencia sanitaria, busca llegar a toda la comunidad travesti, transexual y transg\u00e9nero de Entre R\u00edos, que vive situaciones urgentes.<\/p>\n<p>Para garantizar un correcto funcionamiento se trabaj\u00f3 con diferentes beneficios que brinda el Estado: se garantiz\u00f3 el acceso a medicamentos en el marco del tratamiento de hormonizaci\u00f3n que vienen desarrollando algunas personas trans; y se confeccion\u00f3 un listado para la colocaci\u00f3n de vacunas y control sanitario para quienes se encuentran dentro de la poblaci\u00f3n destinataria establecida por el Ministerio de Salud.<\/p>\n<p>Para el desarrollo del programa trabajaron articuladamente organismos de los ministerios de Gobierno y Justicia, de Desarrollo Social y de Salud, junto al Ministerio de Mujeres, G\u00e9nero y Diversidad de la Naci\u00f3n y el Inadi. Asimismo, participaron las distintas \u00e1reas municipales de las localidades de Paran\u00e1, San Benito, Oro Verde, Villaguay, Santa Elena, Diamante, Victoria, Gualeguay, General Galarza, Gualeguaych\u00fa, Nogoy\u00e1, Concepci\u00f3n del Uruguay, Larroque, San Jos\u00e9, Villa Elisa, Concordia, Chajar\u00ed, Villa del Rosario y organizaciones de la sociedad civil.<\/p>\n","protected":false},"excerpt":{"rendered":"<p>A trav\u00e9s de un trabajo interministerial se registraron 130 altas nuevas en el programa Potenciar Trabajo, que busca brindar respuestas econ\u00f3micas, educativas, alimentarias y de salud a la comunidad travesti, transexual y transg\u00e9nero de la provincia &nbsp; &nbsp; El programa Potenciar Trabajo, antes llamado Hacemos Futuro, tiene como objetivo brindar apoyo y acompa\u00f1amiento a la comunidad trans de la provincia, que constituye una poblaci\u00f3n en alta exposici\u00f3n frente a esta pandemia, tanto por su situaci\u00f3n de vulnerabilidad estructural e hist\u00f3rica como por las actividades que desempe\u00f1a. \u201cGarantizar esta asistencia requiri\u00f3&#8230;<\/p>\n","protected":false},"author":3,"featured_media":61320,"comment_status":"closed","ping_status":"closed","sticky":false,"template":"","format":"standard","meta":[],"categories":[15],"tags":[],"_links":{"self":[{"href":"https:\/\/www.actualidadadiario.com\/index.php\/wp-json\/wp\/v2\/posts\/61319"}],"collection":[{"href":"https:\/\/www.actualidadadiario.com\/index.php\/wp-json\/wp\/v2\/posts"}],"about":[{"href":"https:\/\/www.actualidadadiario.com\/index.php\/wp-json\/wp\/v2\/types\/post"}],"author":[{"embeddable":true,"href":"https:\/\/www.actualidadadiario.com\/index.php\/wp-json\/wp\/v2\/users\/3"}],"replies":[{"embeddable":true,"href":"https:\/\/www.actualidadadiario.com\/index.php\/wp-json\/wp\/v2\/comments?post=61319"}],"version-history":[{"count":1,"href":"https:\/\/www.actualidadadiario.com\/index.php\/wp-json\/wp\/v2\/posts\/61319\/revisions"}],"predecessor-version":[{"id":61321,"href":"https:\/\/www.actualidadadiario.com\/index.php\/wp-json\/wp\/v2\/posts\/61319\/revisions\/61321"}],"wp:featuredmedia":[{"embeddable":true,"href":"https:\/\/www.actualidadadiario.com\/index.php\/wp-json\/wp\/v2\/media\/61320"}],"wp:attachment":[{"href":"https:\/\/www.actualidadadiario.com\/index.php\/wp-json\/wp\/v2\/media?parent=61319"}],"wp:term":[{"taxonomy":"category","embeddable":true,"href":"https:\/\/www.actualidadadiario.com\/index.php\/wp-json\/wp\/v2\/categories?post=61319"},{"taxonomy":"post_tag","embeddable":true,"href":"https:\/\/www.actualidadadiario.com\/index.php\/wp-json\/wp\/v2\/tags?post=61319"}],"curies":[{"name":"wp","href":"https:\/\/api.w.org\/{rel}","templated":true}]}}