{"id":61315,"date":"2020-05-14T14:36:08","date_gmt":"2020-05-14T17:36:08","guid":{"rendered":"https:\/\/www.actualidadadiario.com\/?p=61315"},"modified":"2020-05-14T14:36:08","modified_gmt":"2020-05-14T17:36:08","slug":"el-iosper-ratifico-que-acatara-el-protocolo-de-salud-para-cirugias-programadas","status":"publish","type":"post","link":"https:\/\/www.actualidadadiario.com\/index.php\/2020\/05\/14\/el-iosper-ratifico-que-acatara-el-protocolo-de-salud-para-cirugias-programadas\/","title":{"rendered":"El Iosper ratific\u00f3 que acatar\u00e1 el protocolo de salud para cirug\u00edas programadas"},"content":{"rendered":"<p style=\"text-align: center;\"><em><strong>El presidente del Directorio Obrero del Instituto Obra Social de la Provincia de Entre R\u00edos (Iosper), Fernando Ca\u00f1ete, reafirm\u00f3 a las autoridades de la Asociaci\u00f3n de Cl\u00ednicas de Entre R\u00edos (Acler) que la obra social no obstaculizar\u00e1 los procedimientos de urgencia y oncol\u00f3gicos, seg\u00fan lo dispuesto por el Protocolo de Salud del Comit\u00e9 de Organizaci\u00f3n de Emergencia en Salud (Coes)<\/strong><\/em><\/p>\n<p>&nbsp;<\/p>\n<p>&nbsp;<\/p>\n<p>En la reuni\u00f3n, \u201cse analizaron dos temas: cirug\u00edas programadas y liquidaci\u00f3n de prestaciones\u201d, indic\u00f3 Ca\u00f1ete, quien remarc\u00f3 que la Obra Social \u201ccumple y cumplir\u00e1 al pie de la letra el Protocolo de Salud que elabor\u00f3 el Coes\u201d y consider\u00f3 que a su juicio \u201clas internaciones de abril no fueron para nada disminuidas\u201d.<\/p>\n<p>En ese sentido, el director obrero destac\u00f3 que se realizaron y realizar\u00e1n todos los procedimientos de urgencia y oncol\u00f3gicos (que deber\u00e1n adelantarse a los fines de poder dar respuesta efectiva en la fase de contenci\u00f3n).<\/p>\n<p>Adem\u00e1s, aclar\u00f3 a las autoridades de Acler que \u201cse har\u00e1n todos aquellos estudios o procedimientos endosc\u00f3picos (rinofriboscop\u00eda, broncofibroscopia, video endoscopia alta, video colonoscopia, citoscop\u00eda) que requieran anestesia o quir\u00f3fano, siempre que estos sean imprescindibles para diagnosticar odescartar enfermedad oncol\u00f3gica\u201d.<\/p>\n<p>Por otro lado, Ca\u00f1ete indic\u00f3 que se dialog\u00f3 sobre la liquidaci\u00f3n de prestaciones: \u201cSeguimos respetando el compromiso que hemos asumido para el pago progresivo como as\u00ed tambi\u00e9n cumplir con los valores que Iosper prometi\u00f3 para cerrar mayo, por supuesto que siempre recibiendo los aportes en tiempo de la provincia\u201d.<\/p>\n","protected":false},"excerpt":{"rendered":"<p>El presidente del Directorio Obrero del Instituto Obra Social de la Provincia de Entre R\u00edos (Iosper), Fernando Ca\u00f1ete, reafirm\u00f3 a las autoridades de la Asociaci\u00f3n de Cl\u00ednicas de Entre R\u00edos (Acler) que la obra social no obstaculizar\u00e1 los procedimientos de urgencia y oncol\u00f3gicos, seg\u00fan lo dispuesto por el Protocolo de Salud del Comit\u00e9 de Organizaci\u00f3n de Emergencia en Salud (Coes) &nbsp; &nbsp; En la reuni\u00f3n, \u201cse analizaron dos temas: cirug\u00edas programadas y liquidaci\u00f3n de prestaciones\u201d, indic\u00f3 Ca\u00f1ete, quien remarc\u00f3 que la Obra Social \u201ccumple y cumplir\u00e1 al pie de la&#8230;<\/p>\n","protected":false},"author":3,"featured_media":48799,"comment_status":"closed","ping_status":"closed","sticky":false,"template":"","format":"standard","meta":[],"categories":[15],"tags":[],"_links":{"self":[{"href":"https:\/\/www.actualidadadiario.com\/index.php\/wp-json\/wp\/v2\/posts\/61315"}],"collection":[{"href":"https:\/\/www.actualidadadiario.com\/index.php\/wp-json\/wp\/v2\/posts"}],"about":[{"href":"https:\/\/www.actualidadadiario.com\/index.php\/wp-json\/wp\/v2\/types\/post"}],"author":[{"embeddable":true,"href":"https:\/\/www.actualidadadiario.com\/index.php\/wp-json\/wp\/v2\/users\/3"}],"replies":[{"embeddable":true,"href":"https:\/\/www.actualidadadiario.com\/index.php\/wp-json\/wp\/v2\/comments?post=61315"}],"version-history":[{"count":1,"href":"https:\/\/www.actualidadadiario.com\/index.php\/wp-json\/wp\/v2\/posts\/61315\/revisions"}],"predecessor-version":[{"id":61316,"href":"https:\/\/www.actualidadadiario.com\/index.php\/wp-json\/wp\/v2\/posts\/61315\/revisions\/61316"}],"wp:featuredmedia":[{"embeddable":true,"href":"https:\/\/www.actualidadadiario.com\/index.php\/wp-json\/wp\/v2\/media\/48799"}],"wp:attachment":[{"href":"https:\/\/www.actualidadadiario.com\/index.php\/wp-json\/wp\/v2\/media?parent=61315"}],"wp:term":[{"taxonomy":"category","embeddable":true,"href":"https:\/\/www.actualidadadiario.com\/index.php\/wp-json\/wp\/v2\/categories?post=61315"},{"taxonomy":"post_tag","embeddable":true,"href":"https:\/\/www.actualidadadiario.com\/index.php\/wp-json\/wp\/v2\/tags?post=61315"}],"curies":[{"name":"wp","href":"https:\/\/api.w.org\/{rel}","templated":true}]}}